{"id":20609,"date":"2021-02-16T13:06:55","date_gmt":"2021-02-16T20:06:55","guid":{"rendered":"https:\/\/www.tucsonmuseumofart.org\/?p=20609"},"modified":"2021-06-30T16:50:59","modified_gmt":"2021-06-30T23:50:59","slug":"artist-spotlight-willie-j-bonner","status":"publish","type":"post","link":"https:\/\/www.tucsonmuseumofart.org\/es\/artist-spotlight-willie-j-bonner\/","title":{"rendered":"Artista destacado: Willie J. Bonner"},"content":{"rendered":"<div id='av_section_1'  class='avia-section av-29tkc5r-13cfa4b030024f57bd56940d1606158c main_color avia-section-default avia-no-border-styling  avia-builder-el-0  el_before_av_submenu  avia-builder-el-first  avia-bg-style-scroll container_wrap fullsize'  ><div class='container av-section-cont-open' ><main  role=\"main\" itemprop=\"mainContentOfPage\"  class='template-page content  av-content-full alpha units'><div class='post-entry post-entry-type-page post-entry-20609'><div class='entry-content-wrapper clearfix'>\n\n<style type=\"text\/css\" data-created_by=\"avia_inline_auto\" id=\"style-css-av-kh12snuy-fe017a6e03931fb638512dac21ec2efa\">\n#top .av-special-heading.av-kh12snuy-fe017a6e03931fb638512dac21ec2efa{\npadding-bottom:0;\n}\nbody .av-special-heading.av-kh12snuy-fe017a6e03931fb638512dac21ec2efa .av-special-heading-tag .heading-char{\nfont-size:25px;\n}\n.av-special-heading.av-kh12snuy-fe017a6e03931fb638512dac21ec2efa .av-subheading{\nfont-size:15px;\n}\n<\/style>\n<div  class='av-special-heading av-kh12snuy-fe017a6e03931fb638512dac21ec2efa av-special-heading-h1 blockquote modern-quote modern-centered  avia-builder-el-1  avia-builder-el-no-sibling  av-linked-heading'><h1 class='av-special-heading-tag'  itemprop=\"headline\"  ><a class=\"av-heading-link\" href=\"https:\/\/www.tucsonmuseumofart.org\/es\/tma-stories-blog\/\" >Historias de TMA<\/a><\/h1><div class='av-subheading av-subheading_below'><p>Blog de un museo<\/p>\n<\/div><div class=\"special-heading-border\"><div class=\"special-heading-inner-border\"><\/div><\/div><\/div>\n\n<\/div><\/div><\/main><!-- close content main element --><\/div><\/div><div class='clear'><\/div><div id='sub_menu1'  class='av-submenu-container av-kgtsahmy-0f994ce81607461a5f76912986291f78 main_color av-switch-768  avia-builder-el-2  el_after_av_section  el_before_av_one_fifth  av-sticky-submenu submenu-not-first container_wrap fullsize' style='z-index:301' ><div class='container av-menu-mobile-active av-submenu-pos-center'><a href=\"#\" class=\"mobile_menu_toggle\" aria-hidden='true' data-av_icon='\ue811' data-av_iconfont='entypo-fontello'><span class=\"av-current-placeholder\">Men\u00fa<\/span><\/a><ul id='av-custom-submenu-1' class='av-subnav-menu'>\n<li class='menu-item av-4hnupsw-720b0d4451020e0df391364136ac7aca menu-item-top-level menu-item-top-level-1'><a href='https:\/\/www.tucsonmuseumofart.org\/es\/category\/exhibitions\/'  ><span class='avia-bullet'><\/span><span class='avia-menu-text'>Exposiciones<\/span><\/a><\/li>\n<li class='menu-item av-3risz1c-065eaf25ff1eb082d870b003af40963a menu-item-top-level menu-item-top-level-2'><a href='https:\/\/www.tucsonmuseumofart.org\/es\/category\/curators-corner\/'  ><span class='avia-bullet'><\/span><span class='avia-menu-text'>Rinc\u00f3n de los curadores<\/span><\/a><\/li>\n<li class='menu-item av-3aht2lc-0174dad54ab62adc94441e937b1da1fd menu-item-top-level menu-item-top-level-3'><a href='https:\/\/www.tucsonmuseumofart.org\/es\/category\/artists-voices\/'  ><span class='avia-bullet'><\/span><span class='avia-menu-text'>Voces de artistas<\/span><\/a><\/li>\n<li class='menu-item av-2tdapog-c7d91e13c354495dfb6d83a8c9d30747 menu-item-top-level menu-item-top-level-4'><a href='https:\/\/www.tucsonmuseumofart.org\/es\/category\/community-engagement\/'  ><span class='avia-bullet'><\/span><span class='avia-menu-text'>Participaci\u00f3n de la comunidad<\/span><\/a><\/li>\n<li class='menu-item av-2mppvuo-808ea25f377f1e24f004a2709addbdd6 menu-item-top-level menu-item-top-level-5'><a href='https:\/\/www.tucsonmuseumofart.org\/es\/category\/tma-collection\/'  ><span class='avia-bullet'><\/span><span class='avia-menu-text'>Explorar obras de arte<\/span><\/a><\/li>\n<li class='menu-item av-1yvnytc-be4271c39a0d51984eadc97d4c395b1b menu-item-top-level menu-item-top-level-6'><a href='https:\/\/www.tucsonmuseumofart.org\/es\/category\/digital-content\/'  ><span class='avia-bullet'><\/span><span class='avia-menu-text'>Contenido digital<\/span><\/a><\/li>\n<\/ul><\/div><\/div><div class='sticky_placeholder'><\/div><div id='after_submenu_1'  class='main_color av_default_container_wrap container_wrap fullsize'  ><div class='container av-section-cont-open' ><div class='template-page content  av-content-full alpha units'><div class='post-entry post-entry-type-page post-entry-20609'><div class='entry-content-wrapper clearfix'>\n\n<style type=\"text\/css\" data-created_by=\"avia_inline_auto\" id=\"style-css-av-mwfbq8-c48772ee88ab81c50a096dafb61dc096\">\n.flex_column.av-mwfbq8-c48772ee88ab81c50a096dafb61dc096{\nborder-radius:0px 0px 0px 0px;\npadding:0px 0px 0px 0px;\n}\n<\/style>\n<div  class='flex_column av-mwfbq8-c48772ee88ab81c50a096dafb61dc096 av_one_fifth  avia-builder-el-3  el_after_av_submenu  el_before_av_four_fifth  avia-builder-el-first  first flex_column_div av-zero-column-padding'     ><\/div>\n\n<style type=\"text\/css\" data-created_by=\"avia_inline_auto\" id=\"style-css-av-11dslov-41a8b9a7726023a1081214cc1d77c617\">\n.flex_column.av-11dslov-41a8b9a7726023a1081214cc1d77c617{\nborder-radius:0px 0px 0px 0px;\npadding:0px 0px 0px 0px;\n}\n<\/style>\n<div  class='flex_column av-11dslov-41a8b9a7726023a1081214cc1d77c617 av_four_fifth  avia-builder-el-4  el_after_av_one_fifth  avia-builder-el-last  flex_column_div av-zero-column-padding'     ><p>\n<style type=\"text\/css\" data-created_by=\"avia_inline_auto\" id=\"style-css-av-v8sjy9-f35377fdec12dd8b77888150b7319987\">\n#top .av-special-heading.av-v8sjy9-f35377fdec12dd8b77888150b7319987{\npadding-bottom:10px;\n}\nbody .av-special-heading.av-v8sjy9-f35377fdec12dd8b77888150b7319987 .av-special-heading-tag .heading-char{\nfont-size:25px;\n}\n.av-special-heading.av-v8sjy9-f35377fdec12dd8b77888150b7319987 .av-subheading{\nfont-size:15px;\n}\n<\/style>\n<div  class='av-special-heading av-v8sjy9-f35377fdec12dd8b77888150b7319987 av-special-heading-h2 blockquote modern-quote  avia-builder-el-5  el_before_av_post_metadata  avia-builder-el-first'><h2 class='av-special-heading-tag'  itemprop=\"headline\"  >Artista destacado: Willie J. Bonner<\/h2><div class=\"special-heading-border\"><div class=\"special-heading-inner-border\"><\/div><\/div><\/div><br \/>\n\n<style type=\"text\/css\" data-created_by=\"avia_inline_auto\" id=\"style-css-av-1aj7r6o-7e69b3ffdaf83da0ce9e4c5ca2a93637\">\n#top .av-post-metadata-container.av-1aj7r6o-7e69b3ffdaf83da0ce9e4c5ca2a93637{\nfont-size:14px;\n}\n#top .av-post-metadata-container.av-1aj7r6o-7e69b3ffdaf83da0ce9e4c5ca2a93637 .av-post-metadata-container-inner{\nfont-size:14px;\n}\n<\/style>\n<div  class='av-post-metadata-container av-1aj7r6o-7e69b3ffdaf83da0ce9e4c5ca2a93637 av-metadata-container-align-left  avia-builder-el-6  el_after_av_heading  el_before_av_hr  av-metadata-container-1'><div class='av-post-metadata-container-inner'><span class=\"av-post-metadata-content av-post-metadata-meta-content\"><span class=\"av-post-metadata-content av-post-metadata-published\"><span class=\"av-post-metadata-published-date\" >febrero 16, 2021<\/span><\/span><span class=\"av-post-metadata-content av-post-metadata-separator\"> | <\/span><span class=\"av-post-metadata-content av-post-metadata-category\"><span class=\"av-post-metadata-category-link\" ><a href=\"https:\/\/www.tucsonmuseumofart.org\/es\/category\/artists-voices\/\" >Voces de artistas<\/a><\/span>, <span class=\"av-post-metadata-category-link\" ><a href=\"https:\/\/www.tucsonmuseumofart.org\/es\/category\/exhibitions\/\" >Exposiciones<\/a><\/span><\/span><\/span><\/div><\/div><br \/>\n\n<style type=\"text\/css\" data-created_by=\"avia_inline_auto\" id=\"style-css-av-kgttjgds-3af2862865e26c413068cf56d796f3ad\">\n#top .hr.hr-invisible.av-kgttjgds-3af2862865e26c413068cf56d796f3ad{\nheight:20px;\n}\n<\/style>\n<div  class='hr av-kgttjgds-3af2862865e26c413068cf56d796f3ad hr-invisible  avia-builder-el-7  el_after_av_post_metadata  el_before_av_image'><span class='hr-inner'><span class=\"hr-inner-style\"><\/span><\/span><\/div><br \/>\n\n<style type=\"text\/css\" data-created_by=\"avia_inline_auto\" id=\"style-css-av-kgtqxbd1-054880e90ca0ad2c908ddf572381130a\">\n.avia-image-container.av-kgtqxbd1-054880e90ca0ad2c908ddf572381130a img.avia_image{\nbox-shadow:none;\n}\n.avia-image-container.av-kgtqxbd1-054880e90ca0ad2c908ddf572381130a .av-image-caption-overlay-center{\ncolor:#ffffff;\n}\n<\/style>\n<div  class='avia-image-container av-kgtqxbd1-054880e90ca0ad2c908ddf572381130a av-styling- avia-align-center  avia-builder-el-8  el_after_av_hr  el_before_av_hr'   itemprop=\"image\" itemscope=\"itemscope\" itemtype=\"https:\/\/schema.org\/ImageObject\" ><div class=\"avia-image-container-inner\"><div class=\"avia-image-overlay-wrap\"><img decoding=\"async\" class='wp-image-20610 avia-img-lazy-loading-not-20610 avia_image' src=\"https:\/\/www.tucsonmuseumofart.org\/wp-content\/uploads\/2021\/02\/Willie-Bonner-6.jpg\" alt='' title='Willie Bonner 6'  height=\"418\" width=\"873\"  itemprop=\"thumbnailUrl\" srcset=\"https:\/\/www.tucsonmuseumofart.org\/wp-content\/uploads\/2021\/02\/Willie-Bonner-6.jpg 873w, https:\/\/www.tucsonmuseumofart.org\/wp-content\/uploads\/2021\/02\/Willie-Bonner-6-450x215.jpg 450w, https:\/\/www.tucsonmuseumofart.org\/wp-content\/uploads\/2021\/02\/Willie-Bonner-6-300x144.jpg 300w, https:\/\/www.tucsonmuseumofart.org\/wp-content\/uploads\/2021\/02\/Willie-Bonner-6-768x368.jpg 768w, https:\/\/www.tucsonmuseumofart.org\/wp-content\/uploads\/2021\/02\/Willie-Bonner-6-705x338.jpg 705w\" sizes=\"(max-width: 873px) 100vw, 873px\" \/><\/div><\/div><\/div><br \/>\n\n<style type=\"text\/css\" data-created_by=\"avia_inline_auto\" id=\"style-css-av-kh12zlom-1797ee6e767eed67dfa0c4a3d318ea7f\">\n#top .hr.hr-invisible.av-kh12zlom-1797ee6e767eed67dfa0c4a3d318ea7f{\nheight:20px;\n}\n<\/style>\n<div  class='hr av-kh12zlom-1797ee6e767eed67dfa0c4a3d318ea7f hr-invisible  avia-builder-el-9  el_after_av_image  el_before_av_textblock'><span class='hr-inner'><span class=\"hr-inner-style\"><\/span><\/span><\/div><br \/>\n<section  class='av_textblock_section av-kf7g22x4-bece1e8f76fbea518d023348f0210f66'   itemscope=\"itemscope\" itemtype=\"https:\/\/schema.org\/BlogPosting\" itemprop=\"blogPost\" ><div class='avia_textblock'  itemprop=\"text\" ><p>\u201cMi obra de arte tiene la intenci\u00f3n de involucrar al espectador y crear un di\u00e1logo extenso sobre la cultura de los afroamericanos tanto hist\u00f3ricamente como en la sociedad contempor\u00e1nea\u201d, dice la declaraci\u00f3n del artista de Willie J. Bonner. \u201cSin embargo, en su esencia, su objetivo es trascender el lenguaje\u201d.<\/p>\n<p>La pr\u00e1ctica art\u00edstica de Bonner no se trata de ganar aceptaci\u00f3n social en la sociedad estadounidense en general, sino m\u00e1s bien una alegor\u00eda de lo que significa ser negro en la Am\u00e9rica posmoderna. A trav\u00e9s de una variedad de medios, que incluyen pintura, ensamblaje y escultura, las obras multiculturales y de m\u00faltiples capas buscan atraer al p\u00fablico a trav\u00e9s del contenido de aplicabilidad social y los patrones r\u00edtmicos intrincados que existen en la obra misma.<\/p>\n<\/div><\/section><br \/>\n\n<style type=\"text\/css\" data-created_by=\"avia_inline_auto\" id=\"style-css-av-kgtqxbd1-3df3ca612fd10f1b3c43ec9b8ca2f635\">\n.avia-image-container.av-kgtqxbd1-3df3ca612fd10f1b3c43ec9b8ca2f635 img.avia_image{\nbox-shadow:none;\n}\n.avia-image-container.av-kgtqxbd1-3df3ca612fd10f1b3c43ec9b8ca2f635 .av-image-caption-overlay-center{\ncolor:#ffffff;\n}\n<\/style>\n<div  class='avia-image-container av-kgtqxbd1-3df3ca612fd10f1b3c43ec9b8ca2f635 av-styling- avia-align-center  avia-builder-el-11  el_after_av_textblock  el_before_av_textblock'   itemprop=\"image\" itemscope=\"itemscope\" itemtype=\"https:\/\/schema.org\/ImageObject\" ><div class=\"avia-image-container-inner\"><div class=\"avia-image-overlay-wrap\"><img decoding=\"async\" class='wp-image-20611 avia-img-lazy-loading-not-20611 avia_image' src=\"https:\/\/www.tucsonmuseumofart.org\/wp-content\/uploads\/2021\/02\/Bonner.jpg\" alt='' title='Bonner'  height=\"540\" width=\"720\"  itemprop=\"thumbnailUrl\" srcset=\"https:\/\/www.tucsonmuseumofart.org\/wp-content\/uploads\/2021\/02\/Bonner.jpg 720w, https:\/\/www.tucsonmuseumofart.org\/wp-content\/uploads\/2021\/02\/Bonner-450x338.jpg 450w, https:\/\/www.tucsonmuseumofart.org\/wp-content\/uploads\/2021\/02\/Bonner-300x225.jpg 300w, https:\/\/www.tucsonmuseumofart.org\/wp-content\/uploads\/2021\/02\/Bonner-705x529.jpg 705w\" sizes=\"(max-width: 720px) 100vw, 720px\" \/><\/div><\/div><\/div><br \/>\n\n<style type=\"text\/css\" data-created_by=\"avia_inline_auto\" id=\"style-css-av-kh1335ie-11a6563482e2b556e7ee8f53166fa029\">\n#top .av_textblock_section.av-kh1335ie-11a6563482e2b556e7ee8f53166fa029 .avia_textblock{\nfont-size:12px;\n}\n<\/style>\n<section  class='av_textblock_section av-kh1335ie-11a6563482e2b556e7ee8f53166fa029'   itemscope=\"itemscope\" itemtype=\"https:\/\/schema.org\/BlogPosting\" itemprop=\"blogPost\" ><div class='avia_textblock'  itemprop=\"text\" ><p>Willie J. Bonner, <em>Algod\u00f3n<\/em>, 2018, t\u00e9cnica mixta sobre lienzo, 36 x 36 in. A la vista del 1 de octubre de 2020 al 10 de enero de 2021 en\u00a0<em>Bienal de Arizona 2020<\/em>.<\/p>\n<\/div><\/section><br \/>\n\n<style type=\"text\/css\" data-created_by=\"avia_inline_auto\" id=\"style-css-av-kgttjgds-3af2862865e26c413068cf56d796f3ad\">\n#top .hr.hr-invisible.av-kgttjgds-3af2862865e26c413068cf56d796f3ad{\nheight:20px;\n}\n<\/style>\n<div  class='hr av-kgttjgds-3af2862865e26c413068cf56d796f3ad hr-invisible  avia-builder-el-13  el_after_av_textblock  el_before_av_textblock'><span class='hr-inner'><span class=\"hr-inner-style\"><\/span><\/span><\/div><br \/>\n<section  class='av_textblock_section av-kf7g22x4-bece1e8f76fbea518d023348f0210f66'   itemscope=\"itemscope\" itemtype=\"https:\/\/schema.org\/BlogPosting\" itemprop=\"blogPost\" ><div class='avia_textblock'  itemprop=\"text\" ><p><em>Algod\u00f3n (<\/em>2018) fue la contribuci\u00f3n de Bonner a <em>Bienal de Arizona 2020<\/em>, que cerr\u00f3 el 10 de enero de 2021. Su trabajo tambi\u00e9n apareci\u00f3 en <em>Bienal de Arizona 2018<\/em> en TMA: una obra multimedia llamada <em>Oro negro<\/em> hecho enteramente de alquitr\u00e1n y plumas sobre lienzo de algod\u00f3n. Margaret Regan de Tucson Local Media escribi\u00f3 extensamente sobre el trabajo de Bonner en <a href=\"https:\/\/www.tucsonlocalmedia.com\/arts_and_life\/article_bc46372e-89ec-11e8-b6ca-330d0b39f39f.html\" target=\"_blank\" rel=\"noopener\">su rese\u00f1a de esa exposici\u00f3n<\/a>. \u201cParece que presion\u00f3 el material suave sobre el algod\u00f3n con el pulgar, una tarea ardua que refleja el trabajo mon\u00f3tono que hac\u00edan sus antepasados recogiendo algod\u00f3n\u201d, escribi\u00f3 Regan. \u201cPero aqu\u00ed y all\u00e1 el alquitr\u00e1n negro est\u00e1 manchado o raspado. Estas imperfecciones, comienzas a darte cuenta, representan cicatrices creadas por el aguij\u00f3n del l\u00e1tigo. Toda la pintura evoca carne negra que ha sido torturada y abusada\u201d.<\/p>\n<p>Bonner es uno de los cuatro artistas de la pr\u00f3xima exposici\u00f3n <a href=\"https:\/\/www.tucsonmuseumofart.org\/es\/exhibition\/4x4\/\" target=\"_blank\" rel=\"noopener\" data-cke-saved-href=\"https:\/\/www.tucsonmuseumofart.org\/exhibition\/4x4\/\"><em>4\u00d74: Willie J. Bonner, Nazafarin Lotfi, Alejandro Macias y Anh-Thuy Nguyen<\/em><\/a>. <em>4&#215;4<\/em> presentar\u00e1 cuatro exposiciones individuales, que componen una gran exposici\u00f3n, de cuatro destacados artistas del sur de Arizona seleccionados por cuatro curadores de TMA. El trabajo de Bonner crea un di\u00e1logo extenso sobre la cultura de los afroamericanos tanto hist\u00f3ricamente como en la sociedad contempor\u00e1nea.<\/p>\n<p>Esta exposici\u00f3n estar\u00e1 abierta del 22 de mayo al 3 de octubre en el nivel principal del museo en las galer\u00edas James J. y Louise R. Glasser, la galer\u00eda Earl Kai Chann y la galer\u00eda Lois C. Green.<\/p>\n<\/div><\/section><br \/>\n\n<style type=\"text\/css\" data-created_by=\"avia_inline_auto\" id=\"style-css-av-kgtqxbd1-440a3b93d8e59de64b8e89a5b73085c4\">\n.avia-image-container.av-kgtqxbd1-440a3b93d8e59de64b8e89a5b73085c4 img.avia_image{\nbox-shadow:none;\n}\n.avia-image-container.av-kgtqxbd1-440a3b93d8e59de64b8e89a5b73085c4 .av-image-caption-overlay-center{\ncolor:#ffffff;\n}\n<\/style>\n<div  class='avia-image-container av-kgtqxbd1-440a3b93d8e59de64b8e89a5b73085c4 av-styling- avia-align-center  avia-builder-el-15  el_after_av_textblock  el_before_av_textblock'   itemprop=\"image\" itemscope=\"itemscope\" itemtype=\"https:\/\/schema.org\/ImageObject\" ><div class=\"avia-image-container-inner\"><div class=\"avia-image-overlay-wrap\"><img decoding=\"async\" class='wp-image-18177 avia-img-lazy-loading-not-18177 avia_image' src=\"https:\/\/www.tucsonmuseumofart.org\/wp-content\/uploads\/2020\/09\/Bonner3.jpg\" alt='' title='Bonner3'  height=\"479\" width=\"481\"  itemprop=\"thumbnailUrl\" srcset=\"https:\/\/www.tucsonmuseumofart.org\/wp-content\/uploads\/2020\/09\/Bonner3.jpg 481w, https:\/\/www.tucsonmuseumofart.org\/wp-content\/uploads\/2020\/09\/Bonner3-100x100.jpg 100w, https:\/\/www.tucsonmuseumofart.org\/wp-content\/uploads\/2020\/09\/Bonner3-450x448.jpg 450w, https:\/\/www.tucsonmuseumofart.org\/wp-content\/uploads\/2020\/09\/Bonner3-300x300.jpg 300w, https:\/\/www.tucsonmuseumofart.org\/wp-content\/uploads\/2020\/09\/Bonner3-80x80.jpg 80w, https:\/\/www.tucsonmuseumofart.org\/wp-content\/uploads\/2020\/09\/Bonner3-36x36.jpg 36w, https:\/\/www.tucsonmuseumofart.org\/wp-content\/uploads\/2020\/09\/Bonner3-180x180.jpg 180w\" sizes=\"(max-width: 481px) 100vw, 481px\" \/><\/div><\/div><\/div><br \/>\n\n<style type=\"text\/css\" data-created_by=\"avia_inline_auto\" id=\"style-css-av-kh1335ie-841125603b9d28d301e270d53f74aa06\">\n#top .av_textblock_section.av-kh1335ie-841125603b9d28d301e270d53f74aa06 .avia_textblock{\nfont-size:12px;\n}\n<\/style>\n<section  class='av_textblock_section av-kh1335ie-841125603b9d28d301e270d53f74aa06'   itemscope=\"itemscope\" itemtype=\"https:\/\/schema.org\/BlogPosting\" itemprop=\"blogPost\" ><div class='avia_textblock'  itemprop=\"text\" ><p>Willie J. Bonner,\u00a0<em>ADN americano<\/em><i>,\u00a0<\/i>2019<i>,<\/i> alquitr\u00e1n y plumas sobre lienzo, 120 x 120 cm.<\/p>\n<\/div><\/section><br \/>\n\n<style type=\"text\/css\" data-created_by=\"avia_inline_auto\" id=\"style-css-av-kgttjgds-3af2862865e26c413068cf56d796f3ad\">\n#top .hr.hr-invisible.av-kgttjgds-3af2862865e26c413068cf56d796f3ad{\nheight:20px;\n}\n<\/style>\n<div  class='hr av-kgttjgds-3af2862865e26c413068cf56d796f3ad hr-invisible  avia-builder-el-17  el_after_av_textblock  el_before_av_textblock'><span class='hr-inner'><span class=\"hr-inner-style\"><\/span><\/span><\/div><br \/>\n<section  class='av_textblock_section av-kf7g22x4-bece1e8f76fbea518d023348f0210f66'   itemscope=\"itemscope\" itemtype=\"https:\/\/schema.org\/BlogPosting\" itemprop=\"blogPost\" ><div class='avia_textblock'  itemprop=\"text\" ><p>Vea a Willie Bonner trabajando en este <a href=\"https:\/\/vimeo.com\/84197901\" target=\"_blank\" rel=\"noopener\">perfil de video creado para KUAT <em>Arizona ilustrado<\/em><\/a>. Productor: Sooyeon Lee; Camar\u00f3grafo: Jacob Sutton.<\/p>\n<\/div><\/section><br \/>\n\n<style type=\"text\/css\" data-created_by=\"avia_inline_auto\" id=\"style-css-av-kgtqxbd1-ba9a25a65376d75b6abcda18f7b40b9e\">\n.avia-image-container.av-kgtqxbd1-ba9a25a65376d75b6abcda18f7b40b9e img.avia_image{\nbox-shadow:none;\n}\n.avia-image-container.av-kgtqxbd1-ba9a25a65376d75b6abcda18f7b40b9e .av-image-caption-overlay-center{\ncolor:#ffffff;\n}\n<\/style>\n<div  class='avia-image-container av-kgtqxbd1-ba9a25a65376d75b6abcda18f7b40b9e av-styling- avia-align-center  avia-builder-el-19  el_after_av_textblock  el_before_av_hr'   itemprop=\"image\" itemscope=\"itemscope\" itemtype=\"https:\/\/schema.org\/ImageObject\" ><div class=\"avia-image-container-inner\"><div class=\"avia-image-overlay-wrap\"><a href=\"https:\/\/vimeo.com\/84197901\" class='avia_image' target=\"_blank\" rel=\"noopener noreferrer\" aria-label='Captura de pantalla de Bonner Video de AZPM'><img decoding=\"async\" class='wp-image-20617 avia-img-lazy-loading-not-20617 avia_image' src=\"https:\/\/www.tucsonmuseumofart.org\/wp-content\/uploads\/2021\/02\/Bonner-screen-shot-AZPM-video-845x654.jpg\" alt='' title='Captura de pantalla de Bonner Video de AZPM'  height=\"654\" width=\"845\"  itemprop=\"thumbnailUrl\"  \/><\/a><\/div><\/div><\/div><br \/>\n\n<style type=\"text\/css\" data-created_by=\"avia_inline_auto\" id=\"style-css-av-kgttjgds-3af2862865e26c413068cf56d796f3ad\">\n#top .hr.hr-invisible.av-kgttjgds-3af2862865e26c413068cf56d796f3ad{\nheight:20px;\n}\n<\/style>\n<div  class='hr av-kgttjgds-3af2862865e26c413068cf56d796f3ad hr-invisible  avia-builder-el-20  el_after_av_image  el_before_av_textblock'><span class='hr-inner'><span class=\"hr-inner-style\"><\/span><\/span><\/div><br \/>\n<section  class='av_textblock_section av-kf7g22x4-bece1e8f76fbea518d023348f0210f66'   itemscope=\"itemscope\" itemtype=\"https:\/\/schema.org\/BlogPosting\" itemprop=\"blogPost\" ><div class='avia_textblock'  itemprop=\"text\" ><p>Willie J. Bonner (Estadounidense, nacido en 1952) naci\u00f3 y se cri\u00f3 en Cleveland, Ohio. Tiene un BFA del Instituto de Arte de Cleveland y un MFA de la Universidad de Arizona. Despu\u00e9s de una extensa carrera docente en el Noroeste, Bonner regres\u00f3 a Tucson. Su trabajo ha sido exhibido en la Galer\u00eda Joseph Gross de la Universidad de Arizona, la antigua Galer\u00eda Davis y Dom\u00ednguez en Tucson y el Museo de Arte de Seattle, entre otros.<\/p>\n<\/div><\/section><br \/>\n<div  class='hr av-12pwhdt-23659f835a43bf945004e090bfc3ca34 hr-default  avia-builder-el-22  el_after_av_textblock  el_before_av_post_metadata'><span class='hr-inner'><span class=\"hr-inner-style\"><\/span><\/span><\/div><br \/>\n<\/p><\/div>","protected":false},"excerpt":{"rendered":"","protected":false},"author":177,"featured_media":20612,"comment_status":"closed","ping_status":"closed","sticky":false,"template":"","format":"standard","meta":{"_price":"","_stock":"","_tribe_ticket_header":"","_tribe_default_ticket_provider":"","_tribe_ticket_capacity":"0","_ticket_start_date":"","_ticket_end_date":"","_tribe_ticket_show_description":"","_tribe_ticket_show_not_going":false,"_tribe_ticket_use_global_stock":"","_tribe_ticket_global_stock_level":"","_global_stock_mode":"","_global_stock_cap":"","_tribe_rsvp_for_event":"","_tribe_ticket_going_count":"","_tribe_ticket_not_going_count":"","_tribe_tickets_list":"[]","_tribe_ticket_has_attendee_info_fields":false,"footnotes":""},"categories":[129,130],"tags":[],"class_list":["post-20609","post","type-post","status-publish","format-standard","has-post-thumbnail","hentry","category-artists-voices","category-exhibitions"],"publishpress_future_action":{"enabled":false,"date":"2026-05-03 03:56:47","action":"change-status","newStatus":"draft","terms":[],"taxonomy":"category","extraData":[]},"publishpress_future_workflow_manual_trigger":{"enabledWorkflows":[]},"_links":{"self":[{"href":"https:\/\/www.tucsonmuseumofart.org\/es\/wp-json\/wp\/v2\/posts\/20609","targetHints":{"allow":["GET"]}}],"collection":[{"href":"https:\/\/www.tucsonmuseumofart.org\/es\/wp-json\/wp\/v2\/posts"}],"about":[{"href":"https:\/\/www.tucsonmuseumofart.org\/es\/wp-json\/wp\/v2\/types\/post"}],"author":[{"embeddable":true,"href":"https:\/\/www.tucsonmuseumofart.org\/es\/wp-json\/wp\/v2\/users\/177"}],"replies":[{"embeddable":true,"href":"https:\/\/www.tucsonmuseumofart.org\/es\/wp-json\/wp\/v2\/comments?post=20609"}],"version-history":[{"count":8,"href":"https:\/\/www.tucsonmuseumofart.org\/es\/wp-json\/wp\/v2\/posts\/20609\/revisions"}],"predecessor-version":[{"id":22432,"href":"https:\/\/www.tucsonmuseumofart.org\/es\/wp-json\/wp\/v2\/posts\/20609\/revisions\/22432"}],"wp:featuredmedia":[{"embeddable":true,"href":"https:\/\/www.tucsonmuseumofart.org\/es\/wp-json\/wp\/v2\/media\/20612"}],"wp:attachment":[{"href":"https:\/\/www.tucsonmuseumofart.org\/es\/wp-json\/wp\/v2\/media?parent=20609"}],"wp:term":[{"taxonomy":"category","embeddable":true,"href":"https:\/\/www.tucsonmuseumofart.org\/es\/wp-json\/wp\/v2\/categories?post=20609"},{"taxonomy":"post_tag","embeddable":true,"href":"https:\/\/www.tucsonmuseumofart.org\/es\/wp-json\/wp\/v2\/tags?post=20609"}],"curies":[{"name":"wp","href":"https:\/\/api.w.org\/{rel}","templated":true}]}}