{"id":20656,"date":"2021-01-12T10:03:27","date_gmt":"2021-01-12T17:03:27","guid":{"rendered":"https:\/\/www.tucsonmuseumofart.org\/?p=20656"},"modified":"2021-02-17T00:05:27","modified_gmt":"2021-02-17T07:05:27","slug":"recent-acquisition-mata-ortiz-pottery","status":"publish","type":"post","link":"https:\/\/www.tucsonmuseumofart.org\/es\/recent-acquisition-mata-ortiz-pottery\/","title":{"rendered":"Adquisici\u00f3n Reciente: Alfarer\u00eda Mata Ortiz"},"content":{"rendered":"<div id='av_section_1'  class='avia-section av-29tkc5r-13cfa4b030024f57bd56940d1606158c main_color avia-section-default avia-no-border-styling  avia-builder-el-0  el_before_av_submenu  avia-builder-el-first  avia-bg-style-scroll container_wrap fullsize'  ><div class='container av-section-cont-open' ><main  role=\"main\" itemprop=\"mainContentOfPage\"  class='template-page content  av-content-full alpha units'><div class='post-entry post-entry-type-page post-entry-20656'><div class='entry-content-wrapper clearfix'>\n\n<style type=\"text\/css\" data-created_by=\"avia_inline_auto\" id=\"style-css-av-kh12snuy-fe017a6e03931fb638512dac21ec2efa\">\n#top .av-special-heading.av-kh12snuy-fe017a6e03931fb638512dac21ec2efa{\npadding-bottom:0;\n}\nbody .av-special-heading.av-kh12snuy-fe017a6e03931fb638512dac21ec2efa .av-special-heading-tag .heading-char{\nfont-size:25px;\n}\n.av-special-heading.av-kh12snuy-fe017a6e03931fb638512dac21ec2efa .av-subheading{\nfont-size:15px;\n}\n<\/style>\n<div  class='av-special-heading av-kh12snuy-fe017a6e03931fb638512dac21ec2efa av-special-heading-h1 blockquote modern-quote modern-centered  avia-builder-el-1  avia-builder-el-no-sibling  av-linked-heading'><h1 class='av-special-heading-tag'  itemprop=\"headline\"  ><a class=\"av-heading-link\" href=\"https:\/\/www.tucsonmuseumofart.org\/es\/tma-stories-blog\/\" >Historias de TMA<\/a><\/h1><div class='av-subheading av-subheading_below'><p>Blog de un museo<\/p>\n<\/div><div class=\"special-heading-border\"><div class=\"special-heading-inner-border\"><\/div><\/div><\/div>\n\n<\/div><\/div><\/main><!-- close content main element --><\/div><\/div><div class='clear'><\/div><div id='sub_menu1'  class='av-submenu-container av-kgtsahmy-0f994ce81607461a5f76912986291f78 main_color av-switch-768  avia-builder-el-2  el_after_av_section  el_before_av_one_fifth  av-sticky-submenu submenu-not-first container_wrap fullsize' style='z-index:301' ><div class='container av-menu-mobile-active av-submenu-pos-center'><a href=\"#\" class=\"mobile_menu_toggle\" aria-hidden='true' data-av_icon='\ue811' data-av_iconfont='entypo-fontello'><span class=\"av-current-placeholder\">Men\u00fa<\/span><\/a><ul id='av-custom-submenu-1' class='av-subnav-menu'>\n<li class='menu-item av-4hnupsw-720b0d4451020e0df391364136ac7aca menu-item-top-level menu-item-top-level-1'><a href='https:\/\/www.tucsonmuseumofart.org\/es\/category\/exhibitions\/'  ><span class='avia-bullet'><\/span><span class='avia-menu-text'>Exposiciones<\/span><\/a><\/li>\n<li class='menu-item av-3risz1c-065eaf25ff1eb082d870b003af40963a menu-item-top-level menu-item-top-level-2'><a href='https:\/\/www.tucsonmuseumofart.org\/es\/category\/curators-corner\/'  ><span class='avia-bullet'><\/span><span class='avia-menu-text'>Rinc\u00f3n de los curadores<\/span><\/a><\/li>\n<li class='menu-item av-3aht2lc-0174dad54ab62adc94441e937b1da1fd menu-item-top-level menu-item-top-level-3'><a href='https:\/\/www.tucsonmuseumofart.org\/es\/category\/artists-voices\/'  ><span class='avia-bullet'><\/span><span class='avia-menu-text'>Voces de artistas<\/span><\/a><\/li>\n<li class='menu-item av-2tdapog-c7d91e13c354495dfb6d83a8c9d30747 menu-item-top-level menu-item-top-level-4'><a href='https:\/\/www.tucsonmuseumofart.org\/es\/category\/community-engagement\/'  ><span class='avia-bullet'><\/span><span class='avia-menu-text'>Participaci\u00f3n de la comunidad<\/span><\/a><\/li>\n<li class='menu-item av-2mppvuo-808ea25f377f1e24f004a2709addbdd6 menu-item-top-level menu-item-top-level-5'><a href='https:\/\/www.tucsonmuseumofart.org\/es\/category\/tma-collection\/'  ><span class='avia-bullet'><\/span><span class='avia-menu-text'>Explorar obras de arte<\/span><\/a><\/li>\n<li class='menu-item av-1yvnytc-be4271c39a0d51984eadc97d4c395b1b menu-item-top-level menu-item-top-level-6'><a href='https:\/\/www.tucsonmuseumofart.org\/es\/category\/digital-content\/'  ><span class='avia-bullet'><\/span><span class='avia-menu-text'>Contenido digital<\/span><\/a><\/li>\n<\/ul><\/div><\/div><div class='sticky_placeholder'><\/div><div id='after_submenu_1'  class='main_color av_default_container_wrap container_wrap fullsize'  ><div class='container av-section-cont-open' ><div class='template-page content  av-content-full alpha units'><div class='post-entry post-entry-type-page post-entry-20656'><div class='entry-content-wrapper clearfix'>\n\n<style type=\"text\/css\" data-created_by=\"avia_inline_auto\" id=\"style-css-av-mwfbq8-c48772ee88ab81c50a096dafb61dc096\">\n.flex_column.av-mwfbq8-c48772ee88ab81c50a096dafb61dc096{\nborder-radius:0px 0px 0px 0px;\npadding:0px 0px 0px 0px;\n}\n<\/style>\n<div  class='flex_column av-mwfbq8-c48772ee88ab81c50a096dafb61dc096 av_one_fifth  avia-builder-el-3  el_after_av_submenu  el_before_av_four_fifth  avia-builder-el-first  first flex_column_div av-zero-column-padding'     ><\/div>\n\n<style type=\"text\/css\" data-created_by=\"avia_inline_auto\" id=\"style-css-av-11dslov-41a8b9a7726023a1081214cc1d77c617\">\n.flex_column.av-11dslov-41a8b9a7726023a1081214cc1d77c617{\nborder-radius:0px 0px 0px 0px;\npadding:0px 0px 0px 0px;\n}\n<\/style>\n<div  class='flex_column av-11dslov-41a8b9a7726023a1081214cc1d77c617 av_four_fifth  avia-builder-el-4  el_after_av_one_fifth  avia-builder-el-last  flex_column_div av-zero-column-padding'     ><p>\n<style type=\"text\/css\" data-created_by=\"avia_inline_auto\" id=\"style-css-av-kl93bmeh-707d1e1a2e7be732e6614d1877fb5c28\">\n#top .av-special-heading.av-kl93bmeh-707d1e1a2e7be732e6614d1877fb5c28{\npadding-bottom:10px;\n}\nbody .av-special-heading.av-kl93bmeh-707d1e1a2e7be732e6614d1877fb5c28 .av-special-heading-tag .heading-char{\nfont-size:25px;\n}\n.av-special-heading.av-kl93bmeh-707d1e1a2e7be732e6614d1877fb5c28 .av-subheading{\nfont-size:15px;\n}\n<\/style>\n<div  class='av-special-heading av-kl93bmeh-707d1e1a2e7be732e6614d1877fb5c28 av-special-heading-h2 blockquote modern-quote  avia-builder-el-5  el_before_av_post_metadata  avia-builder-el-first'><h2 class='av-special-heading-tag'  itemprop=\"headline\"  >Adquisici\u00f3n Reciente: Alfarer\u00eda Mata Ortiz<\/h2><div class=\"special-heading-border\"><div class=\"special-heading-inner-border\"><\/div><\/div><\/div><br \/>\n\n<style type=\"text\/css\" data-created_by=\"avia_inline_auto\" id=\"style-css-av-1aj7r6o-7e69b3ffdaf83da0ce9e4c5ca2a93637\">\n#top .av-post-metadata-container.av-1aj7r6o-7e69b3ffdaf83da0ce9e4c5ca2a93637{\nfont-size:14px;\n}\n#top .av-post-metadata-container.av-1aj7r6o-7e69b3ffdaf83da0ce9e4c5ca2a93637 .av-post-metadata-container-inner{\nfont-size:14px;\n}\n<\/style>\n<div  class='av-post-metadata-container av-1aj7r6o-7e69b3ffdaf83da0ce9e4c5ca2a93637 av-metadata-container-align-left  avia-builder-el-6  el_after_av_heading  el_before_av_hr  av-metadata-container-1'><div class='av-post-metadata-container-inner'><span class=\"av-post-metadata-content av-post-metadata-meta-content\"><span class=\"av-post-metadata-content av-post-metadata-published\"><span class=\"av-post-metadata-published-date\" >enero 12, 2021<\/span><\/span><span class=\"av-post-metadata-content av-post-metadata-separator\"> | <\/span><span class=\"av-post-metadata-content av-post-metadata-category\"><span class=\"av-post-metadata-category-link\" ><a href=\"https:\/\/www.tucsonmuseumofart.org\/es\/category\/acquisitions\/\" >adquisiciones<\/a><\/span><\/span><\/span><\/div><\/div><br \/>\n\n<style type=\"text\/css\" data-created_by=\"avia_inline_auto\" id=\"style-css-av-kgttjgds-3af2862865e26c413068cf56d796f3ad\">\n#top .hr.hr-invisible.av-kgttjgds-3af2862865e26c413068cf56d796f3ad{\nheight:20px;\n}\n<\/style>\n<div  class='hr av-kgttjgds-3af2862865e26c413068cf56d796f3ad hr-invisible  avia-builder-el-7  el_after_av_post_metadata  el_before_av_image'><span class='hr-inner'><span class=\"hr-inner-style\"><\/span><\/span><\/div><br \/>\n\n<style type=\"text\/css\" data-created_by=\"avia_inline_auto\" id=\"style-css-av-kgtqxbd1-d871f8b6e6f4be648ab8a9a818d19eac\">\n.avia-image-container.av-kgtqxbd1-d871f8b6e6f4be648ab8a9a818d19eac img.avia_image{\nbox-shadow:none;\n}\n.avia-image-container.av-kgtqxbd1-d871f8b6e6f4be648ab8a9a818d19eac .av-image-caption-overlay-center{\ncolor:#ffffff;\n}\n<\/style>\n<div  class='avia-image-container av-kgtqxbd1-d871f8b6e6f4be648ab8a9a818d19eac av-styling- avia-align-center  avia-builder-el-8  el_after_av_hr  el_before_av_textblock'   itemprop=\"image\" itemscope=\"itemscope\" itemtype=\"https:\/\/schema.org\/ImageObject\" ><div class=\"avia-image-container-inner\"><div class=\"avia-image-overlay-wrap\"><img decoding=\"async\" class='wp-image-20658 avia-img-lazy-loading-not-20658 avia_image' src=\"https:\/\/www.tucsonmuseumofart.org\/wp-content\/uploads\/2021\/02\/20203311.jpg\" alt='' title='20203311'  height=\"656\" width=\"850\"  itemprop=\"thumbnailUrl\" srcset=\"https:\/\/www.tucsonmuseumofart.org\/wp-content\/uploads\/2021\/02\/20203311.jpg 850w, https:\/\/www.tucsonmuseumofart.org\/wp-content\/uploads\/2021\/02\/20203311-450x347.jpg 450w, https:\/\/www.tucsonmuseumofart.org\/wp-content\/uploads\/2021\/02\/20203311-300x232.jpg 300w, https:\/\/www.tucsonmuseumofart.org\/wp-content\/uploads\/2021\/02\/20203311-768x593.jpg 768w, https:\/\/www.tucsonmuseumofart.org\/wp-content\/uploads\/2021\/02\/20203311-705x544.jpg 705w\" sizes=\"(max-width: 850px) 100vw, 850px\" \/><\/div><\/div><\/div><br \/>\n\n<style type=\"text\/css\" data-created_by=\"avia_inline_auto\" id=\"style-css-av-kh1335ie-11a6563482e2b556e7ee8f53166fa029\">\n#top .av_textblock_section.av-kh1335ie-11a6563482e2b556e7ee8f53166fa029 .avia_textblock{\nfont-size:12px;\n}\n<\/style>\n<section  class='av_textblock_section av-kh1335ie-11a6563482e2b556e7ee8f53166fa029'   itemscope=\"itemscope\" itemtype=\"https:\/\/schema.org\/BlogPosting\" itemprop=\"blogPost\" ><div class='avia_textblock'  itemprop=\"text\" ><p>Mireya Quezada, Mata Ortiz, M\u00e9xico, Polychrome Olla, 2000, arcilla, 7 x 8 in. Colecci\u00f3n del Museo de Arte de Tucson. Obsequio del Dr. Ronald y la Sra. Katherine Margolis. 2020.33.11<\/p>\n<\/div><\/section><br \/>\n\n<style type=\"text\/css\" data-created_by=\"avia_inline_auto\" id=\"style-css-av-kh12zlom-1797ee6e767eed67dfa0c4a3d318ea7f\">\n#top .hr.hr-invisible.av-kh12zlom-1797ee6e767eed67dfa0c4a3d318ea7f{\nheight:20px;\n}\n<\/style>\n<div  class='hr av-kh12zlom-1797ee6e767eed67dfa0c4a3d318ea7f hr-invisible  avia-builder-el-10  el_after_av_textblock  el_before_av_textblock'><span class='hr-inner'><span class=\"hr-inner-style\"><\/span><\/span><\/div><br \/>\n<section  class='av_textblock_section av-kf7g22x4-bece1e8f76fbea518d023348f0210f66'   itemscope=\"itemscope\" itemtype=\"https:\/\/schema.org\/BlogPosting\" itemprop=\"blogPost\" ><div class='avia_textblock'  itemprop=\"text\" ><p>En 2020, TMA recibi\u00f3 como regalo 30 obras de arte cer\u00e1mico creadas en Mata Ortiz, Chihuahua, M\u00e9xico, una comunidad ubicada a solo unas horas en auto al sureste de Tucson. Donadas al museo por Ronald y Katherine Margolis, estas obras muestran c\u00f3mo los alfareros de Mata Ortiz se inspiraron en las antiguas tradiciones del arte cer\u00e1mico y las innovaron para crear formas nuevas y emocionantes.<\/p>\n<\/div><\/section><br \/>\n\n<style type=\"text\/css\" data-created_by=\"avia_inline_auto\" id=\"style-css-av-kgtqxbd1-b3a4b561d1d04fd1ac44f80a768b9a77\">\n.avia-image-container.av-kgtqxbd1-b3a4b561d1d04fd1ac44f80a768b9a77 img.avia_image{\nbox-shadow:none;\n}\n.avia-image-container.av-kgtqxbd1-b3a4b561d1d04fd1ac44f80a768b9a77 .av-image-caption-overlay-center{\ncolor:#ffffff;\n}\n<\/style>\n<div  class='avia-image-container av-kgtqxbd1-b3a4b561d1d04fd1ac44f80a768b9a77 av-styling- avia-align-center  avia-builder-el-12  el_after_av_textblock  el_before_av_textblock'   itemprop=\"image\" itemscope=\"itemscope\" itemtype=\"https:\/\/schema.org\/ImageObject\" ><div class=\"avia-image-container-inner\"><div class=\"avia-image-overlay-wrap\"><img decoding=\"async\" class='wp-image-20657 avia-img-lazy-loading-not-20657 avia_image' src=\"https:\/\/www.tucsonmuseumofart.org\/wp-content\/uploads\/2021\/02\/2020337.jpg\" alt='' title='2020337'  height=\"562\" width=\"850\"  itemprop=\"thumbnailUrl\" srcset=\"https:\/\/www.tucsonmuseumofart.org\/wp-content\/uploads\/2021\/02\/2020337.jpg 850w, https:\/\/www.tucsonmuseumofart.org\/wp-content\/uploads\/2021\/02\/2020337-450x298.jpg 450w, https:\/\/www.tucsonmuseumofart.org\/wp-content\/uploads\/2021\/02\/2020337-300x198.jpg 300w, https:\/\/www.tucsonmuseumofart.org\/wp-content\/uploads\/2021\/02\/2020337-768x508.jpg 768w, https:\/\/www.tucsonmuseumofart.org\/wp-content\/uploads\/2021\/02\/2020337-705x466.jpg 705w\" sizes=\"(max-width: 850px) 100vw, 850px\" \/><\/div><\/div><\/div><br \/>\n\n<style type=\"text\/css\" data-created_by=\"avia_inline_auto\" id=\"style-css-av-kh1335ie-11a6563482e2b556e7ee8f53166fa029\">\n#top .av_textblock_section.av-kh1335ie-11a6563482e2b556e7ee8f53166fa029 .avia_textblock{\nfont-size:12px;\n}\n<\/style>\n<section  class='av_textblock_section av-kh1335ie-11a6563482e2b556e7ee8f53166fa029'   itemscope=\"itemscope\" itemtype=\"https:\/\/schema.org\/BlogPosting\" itemprop=\"blogPost\" ><div class='avia_textblock'  itemprop=\"text\" ><p>H\u00e9ctor Ortega, Mata Ortiz, M\u00e9xico, Blackware Vessel, arcilla, 9 x 12 in. Colecci\u00f3n del Museo de Arte de Tucson. Obsequio del Dr. Ronald y la Sra. Katherine Margolis. 2020.33.7<\/p>\n<\/div><\/section><br \/>\n\n<style type=\"text\/css\" data-created_by=\"avia_inline_auto\" id=\"style-css-av-kgttjgds-3af2862865e26c413068cf56d796f3ad\">\n#top .hr.hr-invisible.av-kgttjgds-3af2862865e26c413068cf56d796f3ad{\nheight:20px;\n}\n<\/style>\n<div  class='hr av-kgttjgds-3af2862865e26c413068cf56d796f3ad hr-invisible  avia-builder-el-14  el_after_av_textblock  el_before_av_textblock'><span class='hr-inner'><span class=\"hr-inner-style\"><\/span><\/span><\/div><br \/>\n<section  class='av_textblock_section av-kf7g22x4-bece1e8f76fbea518d023348f0210f66'   itemscope=\"itemscope\" itemtype=\"https:\/\/schema.org\/BlogPosting\" itemprop=\"blogPost\" ><div class='avia_textblock'  itemprop=\"text\" ><p>Las piezas del regalo de Margolis muestran el virtuosismo t\u00e9cnico de sus creadores. Sobre vasijas de color crema, la pintura geom\u00e9trica envuelve los cuerpos. Los recipientes de Blackware en el regalo de Margolis est\u00e1n esculpidos y pulidos con confianza para reflejar la luz oscura. En la figura zoomorfa (que tiene la forma de un animal) a continuaci\u00f3n, el pintor ha representado ingeniosamente la cara para capturar la textura del pelaje de un animal. La tradici\u00f3n alfarera de Mata Ortiz es una parte importante del patrimonio art\u00edstico de la regi\u00f3n fronteriza, y TMA tiene la suerte de agregar estos excelentes ejemplos a la colecci\u00f3n.<\/p>\n<p>\u00a1Vea selecciones del regalo de Margolis de cer\u00e1mica Mata Ortiz en la nueva Galer\u00eda Schmidt de Arte Popular Latinoamericano, que se inaugurar\u00e1 el 11 de marzo de 2021!<\/p>\n<\/div><\/section><br \/>\n\n<style type=\"text\/css\" data-created_by=\"avia_inline_auto\" id=\"style-css-av-kgtqxbd1-07a03587c45c1999506bbb0378b0cdea\">\n.avia-image-container.av-kgtqxbd1-07a03587c45c1999506bbb0378b0cdea img.avia_image{\nbox-shadow:none;\n}\n.avia-image-container.av-kgtqxbd1-07a03587c45c1999506bbb0378b0cdea .av-image-caption-overlay-center{\ncolor:#ffffff;\n}\n<\/style>\n<div  class='avia-image-container av-kgtqxbd1-07a03587c45c1999506bbb0378b0cdea av-styling- avia-align-center  avia-builder-el-16  el_after_av_textblock  el_before_av_textblock'   itemprop=\"image\" itemscope=\"itemscope\" itemtype=\"https:\/\/schema.org\/ImageObject\" ><div class=\"avia-image-container-inner\"><div class=\"avia-image-overlay-wrap\"><img decoding=\"async\" class='wp-image-20659 avia-img-lazy-loading-not-20659 avia_image' src=\"https:\/\/www.tucsonmuseumofart.org\/wp-content\/uploads\/2021\/02\/20203323.jpg\" alt='' title='20203323'  height=\"683\" width=\"850\"  itemprop=\"thumbnailUrl\" srcset=\"https:\/\/www.tucsonmuseumofart.org\/wp-content\/uploads\/2021\/02\/20203323.jpg 850w, https:\/\/www.tucsonmuseumofart.org\/wp-content\/uploads\/2021\/02\/20203323-450x362.jpg 450w, https:\/\/www.tucsonmuseumofart.org\/wp-content\/uploads\/2021\/02\/20203323-300x241.jpg 300w, https:\/\/www.tucsonmuseumofart.org\/wp-content\/uploads\/2021\/02\/20203323-768x617.jpg 768w, https:\/\/www.tucsonmuseumofart.org\/wp-content\/uploads\/2021\/02\/20203323-705x566.jpg 705w\" sizes=\"(max-width: 850px) 100vw, 850px\" \/><\/div><\/div><\/div><br \/>\n\n<style type=\"text\/css\" data-created_by=\"avia_inline_auto\" id=\"style-css-av-kh1335ie-11a6563482e2b556e7ee8f53166fa029\">\n#top .av_textblock_section.av-kh1335ie-11a6563482e2b556e7ee8f53166fa029 .avia_textblock{\nfont-size:12px;\n}\n<\/style>\n<section  class='av_textblock_section av-kh1335ie-11a6563482e2b556e7ee8f53166fa029'   itemscope=\"itemscope\" itemtype=\"https:\/\/schema.org\/BlogPosting\" itemprop=\"blogPost\" ><div class='avia_textblock'  itemprop=\"text\" ><p>Sabino Villalba, Mata Ortiz, M\u00e9xico, Vasija Efigie de Mapache, arcilla, 12 x 8 pulgadas. Colecci\u00f3n del Museo de Arte de Tucson. Obsequio del Dr. Ronald y la Sra. Katherine Margolis. 2020.33.23<\/p>\n<\/div><\/section><br \/>\n<div  class='hr av-17sok4w-19dc6c10fd6cd4c511fb0572d33e5e68 hr-default  avia-builder-el-18  el_after_av_textblock  el_before_av_post_metadata'><span class='hr-inner'><span class=\"hr-inner-style\"><\/span><\/span><\/div><br \/>\n<\/p><\/div>","protected":false},"excerpt":{"rendered":"","protected":false},"author":177,"featured_media":20659,"comment_status":"closed","ping_status":"closed","sticky":false,"template":"","format":"standard","meta":{"_price":"","_stock":"","_tribe_ticket_header":"","_tribe_default_ticket_provider":"","_tribe_ticket_capacity":"0","_ticket_start_date":"","_ticket_end_date":"","_tribe_ticket_show_description":"","_tribe_ticket_show_not_going":false,"_tribe_ticket_use_global_stock":"","_tribe_ticket_global_stock_level":"","_global_stock_mode":"","_global_stock_cap":"","_tribe_rsvp_for_event":"","_tribe_ticket_going_count":"","_tribe_ticket_not_going_count":"","_tribe_tickets_list":"[]","_tribe_ticket_has_attendee_info_fields":false,"footnotes":""},"categories":[125],"tags":[],"class_list":["post-20656","post","type-post","status-publish","format-standard","has-post-thumbnail","hentry","category-acquisitions"],"publishpress_future_action":{"enabled":false,"date":"2026-05-03 03:56:16","action":"change-status","newStatus":"draft","terms":[],"taxonomy":"category","extraData":[]},"publishpress_future_workflow_manual_trigger":{"enabledWorkflows":[]},"_links":{"self":[{"href":"https:\/\/www.tucsonmuseumofart.org\/es\/wp-json\/wp\/v2\/posts\/20656","targetHints":{"allow":["GET"]}}],"collection":[{"href":"https:\/\/www.tucsonmuseumofart.org\/es\/wp-json\/wp\/v2\/posts"}],"about":[{"href":"https:\/\/www.tucsonmuseumofart.org\/es\/wp-json\/wp\/v2\/types\/post"}],"author":[{"embeddable":true,"href":"https:\/\/www.tucsonmuseumofart.org\/es\/wp-json\/wp\/v2\/users\/177"}],"replies":[{"embeddable":true,"href":"https:\/\/www.tucsonmuseumofart.org\/es\/wp-json\/wp\/v2\/comments?post=20656"}],"version-history":[{"count":4,"href":"https:\/\/www.tucsonmuseumofart.org\/es\/wp-json\/wp\/v2\/posts\/20656\/revisions"}],"predecessor-version":[{"id":20664,"href":"https:\/\/www.tucsonmuseumofart.org\/es\/wp-json\/wp\/v2\/posts\/20656\/revisions\/20664"}],"wp:featuredmedia":[{"embeddable":true,"href":"https:\/\/www.tucsonmuseumofart.org\/es\/wp-json\/wp\/v2\/media\/20659"}],"wp:attachment":[{"href":"https:\/\/www.tucsonmuseumofart.org\/es\/wp-json\/wp\/v2\/media?parent=20656"}],"wp:term":[{"taxonomy":"category","embeddable":true,"href":"https:\/\/www.tucsonmuseumofart.org\/es\/wp-json\/wp\/v2\/categories?post=20656"},{"taxonomy":"post_tag","embeddable":true,"href":"https:\/\/www.tucsonmuseumofart.org\/es\/wp-json\/wp\/v2\/tags?post=20656"}],"curies":[{"name":"wp","href":"https:\/\/api.w.org\/{rel}","templated":true}]}}