{"id":21030,"date":"2021-03-09T14:52:39","date_gmt":"2021-03-09T21:52:39","guid":{"rendered":"https:\/\/www.tucsonmuseumofart.org\/?p=21030"},"modified":"2021-03-09T15:24:45","modified_gmt":"2021-03-09T22:24:45","slug":"artist-spotlight-mayme-kratz","status":"publish","type":"post","link":"https:\/\/www.tucsonmuseumofart.org\/es\/artist-spotlight-mayme-kratz\/","title":{"rendered":"Artista destacado: Mayme Kratz"},"content":{"rendered":"<div id='av_section_1'  class='avia-section av-29tkc5r-13cfa4b030024f57bd56940d1606158c main_color avia-section-default avia-no-border-styling  avia-builder-el-0  el_before_av_submenu  avia-builder-el-first  avia-bg-style-scroll container_wrap fullsize'  ><div class='container av-section-cont-open' ><main  role=\"main\" itemprop=\"mainContentOfPage\"  class='template-page content  av-content-full alpha units'><div class='post-entry post-entry-type-page post-entry-21030'><div class='entry-content-wrapper clearfix'>\n\n<style type=\"text\/css\" data-created_by=\"avia_inline_auto\" id=\"style-css-av-kh12snuy-fe017a6e03931fb638512dac21ec2efa\">\n#top .av-special-heading.av-kh12snuy-fe017a6e03931fb638512dac21ec2efa{\npadding-bottom:0;\n}\nbody .av-special-heading.av-kh12snuy-fe017a6e03931fb638512dac21ec2efa .av-special-heading-tag .heading-char{\nfont-size:25px;\n}\n.av-special-heading.av-kh12snuy-fe017a6e03931fb638512dac21ec2efa .av-subheading{\nfont-size:15px;\n}\n<\/style>\n<div  class='av-special-heading av-kh12snuy-fe017a6e03931fb638512dac21ec2efa av-special-heading-h1 blockquote modern-quote modern-centered  avia-builder-el-1  avia-builder-el-no-sibling  av-linked-heading'><h1 class='av-special-heading-tag'  itemprop=\"headline\"  ><a class=\"av-heading-link\" href=\"https:\/\/www.tucsonmuseumofart.org\/es\/tma-stories-blog\/\" >Historias de TMA<\/a><\/h1><div class='av-subheading av-subheading_below'><p>Blog de un museo<\/p>\n<\/div><div class=\"special-heading-border\"><div class=\"special-heading-inner-border\"><\/div><\/div><\/div>\n\n<\/div><\/div><\/main><!-- close content main element --><\/div><\/div><div class='clear'><\/div><div id='sub_menu1'  class='av-submenu-container av-kgtsahmy-0f994ce81607461a5f76912986291f78 main_color av-switch-768  avia-builder-el-2  el_after_av_section  el_before_av_one_fifth  av-sticky-submenu submenu-not-first container_wrap fullsize' style='z-index:301' ><div class='container av-menu-mobile-active av-submenu-pos-center'><a href=\"#\" class=\"mobile_menu_toggle\" aria-hidden='true' data-av_icon='\ue811' data-av_iconfont='entypo-fontello'><span class=\"av-current-placeholder\">Men\u00fa<\/span><\/a><ul id='av-custom-submenu-1' class='av-subnav-menu'>\n<li class='menu-item av-4hnupsw-720b0d4451020e0df391364136ac7aca menu-item-top-level menu-item-top-level-1'><a href='https:\/\/www.tucsonmuseumofart.org\/es\/category\/exhibitions\/'  ><span class='avia-bullet'><\/span><span class='avia-menu-text'>Exposiciones<\/span><\/a><\/li>\n<li class='menu-item av-3risz1c-065eaf25ff1eb082d870b003af40963a menu-item-top-level menu-item-top-level-2'><a href='https:\/\/www.tucsonmuseumofart.org\/es\/category\/curators-corner\/'  ><span class='avia-bullet'><\/span><span class='avia-menu-text'>Rinc\u00f3n de los curadores<\/span><\/a><\/li>\n<li class='menu-item av-3aht2lc-0174dad54ab62adc94441e937b1da1fd menu-item-top-level menu-item-top-level-3'><a href='https:\/\/www.tucsonmuseumofart.org\/es\/category\/artists-voices\/'  ><span class='avia-bullet'><\/span><span class='avia-menu-text'>Voces de artistas<\/span><\/a><\/li>\n<li class='menu-item av-2tdapog-c7d91e13c354495dfb6d83a8c9d30747 menu-item-top-level menu-item-top-level-4'><a href='https:\/\/www.tucsonmuseumofart.org\/es\/category\/community-engagement\/'  ><span class='avia-bullet'><\/span><span class='avia-menu-text'>Participaci\u00f3n de la comunidad<\/span><\/a><\/li>\n<li class='menu-item av-2mppvuo-808ea25f377f1e24f004a2709addbdd6 menu-item-top-level menu-item-top-level-5'><a href='https:\/\/www.tucsonmuseumofart.org\/es\/category\/tma-collection\/'  ><span class='avia-bullet'><\/span><span class='avia-menu-text'>Explorar obras de arte<\/span><\/a><\/li>\n<li class='menu-item av-1yvnytc-be4271c39a0d51984eadc97d4c395b1b menu-item-top-level menu-item-top-level-6'><a href='https:\/\/www.tucsonmuseumofart.org\/es\/category\/digital-content\/'  ><span class='avia-bullet'><\/span><span class='avia-menu-text'>Contenido digital<\/span><\/a><\/li>\n<\/ul><\/div><\/div><div class='sticky_placeholder'><\/div><div id='after_submenu_1'  class='main_color av_default_container_wrap container_wrap fullsize'  ><div class='container av-section-cont-open' ><div class='template-page content  av-content-full alpha units'><div class='post-entry post-entry-type-page post-entry-21030'><div class='entry-content-wrapper clearfix'>\n\n<style type=\"text\/css\" data-created_by=\"avia_inline_auto\" id=\"style-css-av-mwfbq8-c48772ee88ab81c50a096dafb61dc096\">\n.flex_column.av-mwfbq8-c48772ee88ab81c50a096dafb61dc096{\nborder-radius:0px 0px 0px 0px;\npadding:0px 0px 0px 0px;\n}\n<\/style>\n<div  class='flex_column av-mwfbq8-c48772ee88ab81c50a096dafb61dc096 av_one_fifth  avia-builder-el-3  el_after_av_submenu  el_before_av_four_fifth  avia-builder-el-first  first flex_column_div av-zero-column-padding'     ><\/div>\n\n<style type=\"text\/css\" data-created_by=\"avia_inline_auto\" id=\"style-css-av-11dslov-41a8b9a7726023a1081214cc1d77c617\">\n.flex_column.av-11dslov-41a8b9a7726023a1081214cc1d77c617{\nborder-radius:0px 0px 0px 0px;\npadding:0px 0px 0px 0px;\n}\n<\/style>\n<div  class='flex_column av-11dslov-41a8b9a7726023a1081214cc1d77c617 av_four_fifth  avia-builder-el-4  el_after_av_one_fifth  el_before_av_one_fifth  flex_column_div av-zero-column-padding'     ><p>\n<style type=\"text\/css\" data-created_by=\"avia_inline_auto\" id=\"style-css-av-av_heading-4eecbd9b63daa3a016683eee650ed875\">\n#top .av-special-heading.av-av_heading-4eecbd9b63daa3a016683eee650ed875{\npadding-bottom:10px;\n}\nbody .av-special-heading.av-av_heading-4eecbd9b63daa3a016683eee650ed875 .av-special-heading-tag .heading-char{\nfont-size:25px;\n}\n.av-special-heading.av-av_heading-4eecbd9b63daa3a016683eee650ed875 .av-subheading{\nfont-size:15px;\n}\n<\/style>\n<div  class='av-special-heading av-av_heading-4eecbd9b63daa3a016683eee650ed875 av-special-heading-h2 blockquote modern-quote  avia-builder-el-5  el_before_av_post_metadata  avia-builder-el-first'><h2 class='av-special-heading-tag'  itemprop=\"headline\"  >Artista destacado: Mayme Kratz<\/h2><div class=\"special-heading-border\"><div class=\"special-heading-inner-border\"><\/div><\/div><\/div><br \/>\n\n<style type=\"text\/css\" data-created_by=\"avia_inline_auto\" id=\"style-css-av-1aj7r6o-7e69b3ffdaf83da0ce9e4c5ca2a93637\">\n#top .av-post-metadata-container.av-1aj7r6o-7e69b3ffdaf83da0ce9e4c5ca2a93637{\nfont-size:14px;\n}\n#top .av-post-metadata-container.av-1aj7r6o-7e69b3ffdaf83da0ce9e4c5ca2a93637 .av-post-metadata-container-inner{\nfont-size:14px;\n}\n<\/style>\n<div  class='av-post-metadata-container av-1aj7r6o-7e69b3ffdaf83da0ce9e4c5ca2a93637 av-metadata-container-align-left  avia-builder-el-6  el_after_av_heading  el_before_av_hr  av-metadata-container-1'><div class='av-post-metadata-container-inner'><span class=\"av-post-metadata-content av-post-metadata-meta-content\"><span class=\"av-post-metadata-content av-post-metadata-published\"><span class=\"av-post-metadata-published-date\" >9 de marzo de 2021<\/span><\/span><span class=\"av-post-metadata-content av-post-metadata-separator\"> | <\/span><span class=\"av-post-metadata-content av-post-metadata-category\"><span class=\"av-post-metadata-category-link\" ><a href=\"https:\/\/www.tucsonmuseumofart.org\/es\/category\/explore-artworks\/\" >Explorar obras de arte<\/a><\/span><\/span><\/span><\/div><\/div><br \/>\n\n<style type=\"text\/css\" data-created_by=\"avia_inline_auto\" id=\"style-css-av-kgttjgds-3af2862865e26c413068cf56d796f3ad\">\n#top .hr.hr-invisible.av-kgttjgds-3af2862865e26c413068cf56d796f3ad{\nheight:20px;\n}\n<\/style>\n<div  class='hr av-kgttjgds-3af2862865e26c413068cf56d796f3ad hr-invisible  avia-builder-el-7  el_after_av_post_metadata  el_before_av_image'><span class='hr-inner'><span class=\"hr-inner-style\"><\/span><\/span><\/div><br \/>\n\n<style type=\"text\/css\" data-created_by=\"avia_inline_auto\" id=\"style-css-av-kgtqxbd1-7be2f1c53cdb984331860b8492c405e1\">\n.avia-image-container.av-kgtqxbd1-7be2f1c53cdb984331860b8492c405e1 img.avia_image{\nbox-shadow:none;\n}\n.avia-image-container.av-kgtqxbd1-7be2f1c53cdb984331860b8492c405e1 .av-image-caption-overlay-center{\ncolor:#ffffff;\n}\n<\/style>\n<div  class='avia-image-container av-kgtqxbd1-7be2f1c53cdb984331860b8492c405e1 av-styling- avia-align-center  avia-builder-el-8  el_after_av_hr  el_before_av_textblock'   itemprop=\"image\" itemscope=\"itemscope\" itemtype=\"https:\/\/schema.org\/ImageObject\" ><div class=\"avia-image-container-inner\"><div class=\"avia-image-overlay-wrap\"><img decoding=\"async\" class='wp-image-21033 avia-img-lazy-loading-not-21033 avia_image' src=\"https:\/\/www.tucsonmuseumofart.org\/wp-content\/uploads\/2021\/03\/Kratz-1030x773.jpg\" alt='Nine Pages (1995) by Mayme Kratz' title='Nueve p\u00e1ginas (1995) de Mayme Kratz'  height=\"773\" width=\"1030\"  itemprop=\"thumbnailUrl\" srcset=\"https:\/\/www.tucsonmuseumofart.org\/wp-content\/uploads\/2021\/03\/Kratz-1030x773.jpg 1030w, https:\/\/www.tucsonmuseumofart.org\/wp-content\/uploads\/2021\/03\/Kratz-450x338.jpg 450w, https:\/\/www.tucsonmuseumofart.org\/wp-content\/uploads\/2021\/03\/Kratz-300x225.jpg 300w, https:\/\/www.tucsonmuseumofart.org\/wp-content\/uploads\/2021\/03\/Kratz-768x576.jpg 768w, https:\/\/www.tucsonmuseumofart.org\/wp-content\/uploads\/2021\/03\/Kratz-1536x1152.jpg 1536w, https:\/\/www.tucsonmuseumofart.org\/wp-content\/uploads\/2021\/03\/Kratz-1500x1125.jpg 1500w, https:\/\/www.tucsonmuseumofart.org\/wp-content\/uploads\/2021\/03\/Kratz-705x529.jpg 705w, https:\/\/www.tucsonmuseumofart.org\/wp-content\/uploads\/2021\/03\/Kratz.jpg 2016w\" sizes=\"(max-width: 1030px) 100vw, 1030px\" \/><\/div><\/div><\/div><br \/>\n\n<style type=\"text\/css\" data-created_by=\"avia_inline_auto\" id=\"style-css-av-kh1335ie-11a6563482e2b556e7ee8f53166fa029\">\n#top .av_textblock_section.av-kh1335ie-11a6563482e2b556e7ee8f53166fa029 .avia_textblock{\nfont-size:12px;\n}\n<\/style>\n<section  class='av_textblock_section av-kh1335ie-11a6563482e2b556e7ee8f53166fa029'   itemscope=\"itemscope\" itemtype=\"https:\/\/schema.org\/BlogPosting\" itemprop=\"blogPost\" ><div class='avia_textblock'  itemprop=\"text\" ><p>mayme kratz, <a href=\"https:\/\/tucsonmuseumofart.pastperfectonline.com\/webobject\/196F1C5F-4D18-11D9-BD9A-016751224300\"><em>Nueve p\u00e1ginas<\/em><\/a>, 1995, t\u00e9cnica mixta en resina, repisa. Colecci\u00f3n del Museo de Arte de Tucson. Donaci\u00f3n de Otto B. Rigan. 2003.25.7<\/p>\n<\/div><\/section><br \/>\n\n<style type=\"text\/css\" data-created_by=\"avia_inline_auto\" id=\"style-css-av-kh12zlom-76b10d9c139c89afe5cdb792b7669df4\">\n#top .hr.hr-invisible.av-kh12zlom-76b10d9c139c89afe5cdb792b7669df4{\nheight:40px;\n}\n<\/style>\n<div  class='hr av-kh12zlom-76b10d9c139c89afe5cdb792b7669df4 hr-invisible  avia-builder-el-10  el_after_av_textblock  el_before_av_video'><span class='hr-inner'><span class=\"hr-inner-style\"><\/span><\/span><\/div><br \/>\n<div  class='avia-video av-km2ikesv-3d122062fdf6e4ac2521b3da7043d76e avia-video-16-9 av-no-preview-image avia-video-load-always av-lazyload-immediate av-lazyload-video-embed'  itemprop=\"video\" itemtype=\"https:\/\/schema.org\/VideoObject\"  data-original_url='https:\/\/youtu.be\/I240LUOXz9s'><script type='text\/html' class='av-video-tmpl'><div class='avia-iframe-wrap'><iframe loading=\"lazy\" title=\"A Minute of Mayme\" width=\"1333\" height=\"1000\" src=\"https:\/\/www.youtube.com\/embed\/I240LUOXz9s?feature=oembed&autoplay=0&loop=0&controls=1&mute=0\" frameborder=\"0\" allow=\"accelerometer; autoplay; clipboard-write; encrypted-media; gyroscope; picture-in-picture\" allowfullscreen><\/iframe><\/div><\/script><div class='av-click-to-play-overlay'><div class=\"avia_playpause_icon\"><\/div><\/div><\/div><br \/>\n\n<style type=\"text\/css\" data-created_by=\"avia_inline_auto\" id=\"style-css-av-kh1335ie-11a6563482e2b556e7ee8f53166fa029\">\n#top .av_textblock_section.av-kh1335ie-11a6563482e2b556e7ee8f53166fa029 .avia_textblock{\nfont-size:12px;\n}\n<\/style>\n<section  class='av_textblock_section av-kh1335ie-11a6563482e2b556e7ee8f53166fa029'   itemscope=\"itemscope\" itemtype=\"https:\/\/schema.org\/BlogPosting\" itemprop=\"blogPost\" ><div class='avia_textblock'  itemprop=\"text\" ><p>La curadora en jefe, la Dra. Julie Sasse, comparte una introducci\u00f3n de un minuto a Mayme Kratz, una artista de Arizona cuyo trabajo se encuentra en la colecci\u00f3n permanente de TMA.<\/p>\n<\/div><\/section><br \/>\n\n<style type=\"text\/css\" data-created_by=\"avia_inline_auto\" id=\"style-css-av-kh12zlom-1797ee6e767eed67dfa0c4a3d318ea7f\">\n#top .hr.hr-invisible.av-kh12zlom-1797ee6e767eed67dfa0c4a3d318ea7f{\nheight:20px;\n}\n<\/style>\n<div  class='hr av-kh12zlom-1797ee6e767eed67dfa0c4a3d318ea7f hr-invisible  avia-builder-el-13  el_after_av_textblock  el_before_av_textblock'><span class='hr-inner'><span class=\"hr-inner-style\"><\/span><\/span><\/div><br \/>\n<section  class='av_textblock_section av-kf7g22x4-bece1e8f76fbea518d023348f0210f66'   itemscope=\"itemscope\" itemtype=\"https:\/\/schema.org\/BlogPosting\" itemprop=\"blogPost\" ><div class='avia_textblock'  itemprop=\"text\" ><p>Fascinada tanto por la naturaleza como por la poes\u00eda, la artista de Arizona Mayme Kratz crea esculturas de resina fundida y obras bidimensionales que examinan la relaci\u00f3n entre la naturaleza, la experiencia humana y los estados psicol\u00f3gicos del ser. Incrustando en resina materiales como semillas de girasol, alas de mariposas, abejas, cigarras y p\u00e1jaros, esqueletos de ocotillo, restos de lagartijas, nidos hechos a mano y partes de cactus, Kratz captura momentos en el tiempo para la contemplaci\u00f3n po\u00e9tica. Inquietante y elegante a la vez, los detritos de la naturaleza se elevan a niveles est\u00e9ticos de consideraci\u00f3n por sus arreglos y colores sutiles.<\/p>\n<p>Para Kratz, la estructura de la hierba y sus ra\u00edces revela una forma similar a la que observa en el cielo nocturno. Tales revelaciones se abren paso en sus sue\u00f1os y, en \u00faltima instancia, inspiran su poes\u00eda y sus artes visuales. Kratz a menudo se enfoca en las plantas, semillas y malezas pasadas por alto que proliferan tanto en entornos rurales como urbanos. Al destacar estas formas e incrustarlas en resina, celebra su singularidad, belleza e interrelaci\u00f3n.<\/p>\n<p>En parte de su trabajo, Kratz se enfoca en los pastos que se encuentran en los paisajes urbanos en lugar de los pastos del desierto abierto. Muchas de estas formas de plantas son invasivas y prosperan en \u00e1reas donde el suelo ha sido perturbado, lo que dificulta el crecimiento de las especies nativas. As\u00ed como los pastos se consideran invasivos, tambi\u00e9n se considera que las personas son invasoras en un desierto que se urbaniza r\u00e1pidamente. Esta analog\u00eda recuerda una l\u00ednea en el poema de Carl Sandburg, Hierba: \u201cYo soy la hierba; Cubro todo\u201d.<\/p>\n<\/div><\/section><br \/>\n\n<style type=\"text\/css\" data-created_by=\"avia_inline_auto\" id=\"style-css-av-km2j76fl-4b8cd87b2776affd810b3c16bcd4718b\">\n.av-horizontal-gallery.av-km2j76fl-4b8cd87b2776affd810b3c16bcd4718b{\npadding:3.75% 0px;;\n}\n.av-horizontal-gallery.av-km2j76fl-4b8cd87b2776affd810b3c16bcd4718b .av-horizontal-gallery-inner{\npadding-bottom:25%;\n}\n<\/style>\n<div  class='av-horizontal-gallery av-km2j76fl-4b8cd87b2776affd810b3c16bcd4718b av-horizontal-gallery-large-gap av-horizontal-gallery-enlarge-effect  avia-builder-el-15  el_after_av_textblock  el_before_av_textblock  av-slideshow-ui av-control-default av-slideshow-manual av-loop-once av-loop-manual-endless av-horizontal-gallery-1' data-slideshow-data=\"{&quot;enlarge&quot;:1.3,&quot;animation&quot;:&quot;slide&quot;,&quot;autoplay&quot;:false,&quot;loop_autoplay&quot;:&quot;once&quot;,&quot;interval&quot;:5,&quot;loop_manual&quot;:&quot;manual-endless&quot;,&quot;autoplay_stopper&quot;:false,&quot;noNavigation&quot;:false,&quot;bg_slider&quot;:false,&quot;keep_padding&quot;:&quot;&quot;,&quot;hoverpause&quot;:false,&quot;show_slide_delay&quot;:0}\"  itemprop=\"image\" itemscope=\"itemscope\" itemtype=\"https:\/\/schema.org\/ImageObject\" ><div class='avia-slideshow-arrows avia-slideshow-controls' ><a href='#prev' class='prev-slide av-horizontal-gallery-prev' aria-hidden='true' data-av_icon='\ue87c' data-av_iconfont='entypo-fontello'  tabindex='-1'>Anterior<\/a><a href='#next' class='next-slide av-horizontal-gallery-next' aria-hidden='true' data-av_icon='\ue87d' data-av_iconfont='entypo-fontello'  tabindex='-1'>Pr\u00f3ximo<\/a><\/div><div class='avia-slideshow-dots avia-slideshow-controls av-horizontal-gallery-dots fade-in'><a href='#1' class='goto-slide active' >1<\/a><a href='#2' class='goto-slide' >2<\/a><a href='#3' class='goto-slide' >3<\/a><\/div><div class='av-horizontal-gallery-inner' data-av-height='25'><div class=\"av-horizontal-gallery-slider\"><div class=\"av-horizontal-gallery-wrap noHover\"><img decoding=\"async\" class='wp-image-21034 avia-img-lazy-loading-not-21034 av-horizontal-gallery-img' width=\"800\" height=\"682\" src=\"https:\/\/www.tucsonmuseumofart.org\/wp-content\/uploads\/2021\/03\/Mayme-Kratz-Knot-yellow.jpg\" title='Mayme Kratz Nudo-amarillo' alt='' srcset=\"https:\/\/www.tucsonmuseumofart.org\/wp-content\/uploads\/2021\/03\/Mayme-Kratz-Knot-yellow.jpg 800w, https:\/\/www.tucsonmuseumofart.org\/wp-content\/uploads\/2021\/03\/Mayme-Kratz-Knot-yellow-450x384.jpg 450w, https:\/\/www.tucsonmuseumofart.org\/wp-content\/uploads\/2021\/03\/Mayme-Kratz-Knot-yellow-300x256.jpg 300w, https:\/\/www.tucsonmuseumofart.org\/wp-content\/uploads\/2021\/03\/Mayme-Kratz-Knot-yellow-768x655.jpg 768w, https:\/\/www.tucsonmuseumofart.org\/wp-content\/uploads\/2021\/03\/Mayme-Kratz-Knot-yellow-705x601.jpg 705w\" sizes=\"(max-width: 800px) 100vw, 800px\" \/><a href=\"https:\/\/www.tucsonmuseumofart.org\/wp-content\/uploads\/2021\/03\/Mayme-Kratz-Knot-yellow.jpg\" data-srcset=\"https:\/\/www.tucsonmuseumofart.org\/wp-content\/uploads\/2021\/03\/Mayme-Kratz-Knot-yellow.jpg 800w, https:\/\/www.tucsonmuseumofart.org\/wp-content\/uploads\/2021\/03\/Mayme-Kratz-Knot-yellow-450x384.jpg 450w, https:\/\/www.tucsonmuseumofart.org\/wp-content\/uploads\/2021\/03\/Mayme-Kratz-Knot-yellow-300x256.jpg 300w, https:\/\/www.tucsonmuseumofart.org\/wp-content\/uploads\/2021\/03\/Mayme-Kratz-Knot-yellow-768x655.jpg 768w, https:\/\/www.tucsonmuseumofart.org\/wp-content\/uploads\/2021\/03\/Mayme-Kratz-Knot-yellow-705x601.jpg 705w\" data-sizes=\"(max-width: 800px) 100vw, 800px\" class='av-horizontal-gallery-link' aria-hidden='true' data-av_icon='\ue869' data-av_iconfont='entypo-fontello' title='Mayme Kratz Nudo-amarillo' alt=''><\/a><\/div><div class=\"av-horizontal-gallery-wrap noHover\"><img decoding=\"async\" class='wp-image-21035 avia-img-lazy-loading-not-21035 av-horizontal-gallery-img' width=\"854\" height=\"768\" src=\"https:\/\/www.tucsonmuseumofart.org\/wp-content\/uploads\/2021\/03\/Mayme-Kratz-Knot-white.jpg\" title='Mayme Kratz Nudo-blanco' alt='' srcset=\"https:\/\/www.tucsonmuseumofart.org\/wp-content\/uploads\/2021\/03\/Mayme-Kratz-Knot-white.jpg 854w, https:\/\/www.tucsonmuseumofart.org\/wp-content\/uploads\/2021\/03\/Mayme-Kratz-Knot-white-450x405.jpg 450w, https:\/\/www.tucsonmuseumofart.org\/wp-content\/uploads\/2021\/03\/Mayme-Kratz-Knot-white-300x270.jpg 300w, https:\/\/www.tucsonmuseumofart.org\/wp-content\/uploads\/2021\/03\/Mayme-Kratz-Knot-white-768x691.jpg 768w, https:\/\/www.tucsonmuseumofart.org\/wp-content\/uploads\/2021\/03\/Mayme-Kratz-Knot-white-705x634.jpg 705w\" sizes=\"(max-width: 854px) 100vw, 854px\" \/><a href=\"https:\/\/www.tucsonmuseumofart.org\/wp-content\/uploads\/2021\/03\/Mayme-Kratz-Knot-white.jpg\" data-srcset=\"https:\/\/www.tucsonmuseumofart.org\/wp-content\/uploads\/2021\/03\/Mayme-Kratz-Knot-white.jpg 854w, https:\/\/www.tucsonmuseumofart.org\/wp-content\/uploads\/2021\/03\/Mayme-Kratz-Knot-white-450x405.jpg 450w, https:\/\/www.tucsonmuseumofart.org\/wp-content\/uploads\/2021\/03\/Mayme-Kratz-Knot-white-300x270.jpg 300w, https:\/\/www.tucsonmuseumofart.org\/wp-content\/uploads\/2021\/03\/Mayme-Kratz-Knot-white-768x691.jpg 768w, https:\/\/www.tucsonmuseumofart.org\/wp-content\/uploads\/2021\/03\/Mayme-Kratz-Knot-white-705x634.jpg 705w\" data-sizes=\"(max-width: 854px) 100vw, 854px\" class='av-horizontal-gallery-link' aria-hidden='true' data-av_icon='\ue869' data-av_iconfont='entypo-fontello' title='Mayme Kratz Nudo-blanco' alt=''><\/a><\/div><div class=\"av-horizontal-gallery-wrap noHover\"><img decoding=\"async\" class='wp-image-21036 avia-img-lazy-loading-not-21036 av-horizontal-gallery-img' width=\"800\" height=\"783\" src=\"https:\/\/www.tucsonmuseumofart.org\/wp-content\/uploads\/2021\/03\/Mayme-Kratz-Knot-green.jpg\" title='Mayme Kratz Nudo-verde' alt='' srcset=\"https:\/\/www.tucsonmuseumofart.org\/wp-content\/uploads\/2021\/03\/Mayme-Kratz-Knot-green.jpg 800w, https:\/\/www.tucsonmuseumofart.org\/wp-content\/uploads\/2021\/03\/Mayme-Kratz-Knot-green-450x440.jpg 450w, https:\/\/www.tucsonmuseumofart.org\/wp-content\/uploads\/2021\/03\/Mayme-Kratz-Knot-green-300x294.jpg 300w, https:\/\/www.tucsonmuseumofart.org\/wp-content\/uploads\/2021\/03\/Mayme-Kratz-Knot-green-768x752.jpg 768w, https:\/\/www.tucsonmuseumofart.org\/wp-content\/uploads\/2021\/03\/Mayme-Kratz-Knot-green-36x36.jpg 36w, https:\/\/www.tucsonmuseumofart.org\/wp-content\/uploads\/2021\/03\/Mayme-Kratz-Knot-green-705x690.jpg 705w\" sizes=\"(max-width: 800px) 100vw, 800px\" \/><a href=\"https:\/\/www.tucsonmuseumofart.org\/wp-content\/uploads\/2021\/03\/Mayme-Kratz-Knot-green.jpg\" data-srcset=\"https:\/\/www.tucsonmuseumofart.org\/wp-content\/uploads\/2021\/03\/Mayme-Kratz-Knot-green.jpg 800w, https:\/\/www.tucsonmuseumofart.org\/wp-content\/uploads\/2021\/03\/Mayme-Kratz-Knot-green-450x440.jpg 450w, https:\/\/www.tucsonmuseumofart.org\/wp-content\/uploads\/2021\/03\/Mayme-Kratz-Knot-green-300x294.jpg 300w, https:\/\/www.tucsonmuseumofart.org\/wp-content\/uploads\/2021\/03\/Mayme-Kratz-Knot-green-768x752.jpg 768w, https:\/\/www.tucsonmuseumofart.org\/wp-content\/uploads\/2021\/03\/Mayme-Kratz-Knot-green-36x36.jpg 36w, https:\/\/www.tucsonmuseumofart.org\/wp-content\/uploads\/2021\/03\/Mayme-Kratz-Knot-green-705x690.jpg 705w\" data-sizes=\"(max-width: 800px) 100vw, 800px\" class='av-horizontal-gallery-link' aria-hidden='true' data-av_icon='\ue869' data-av_iconfont='entypo-fontello' title='Mayme Kratz Nudo-verde' alt=''><\/a><\/div><\/div><\/div><\/div><br \/>\n\n<style type=\"text\/css\" data-created_by=\"avia_inline_auto\" id=\"style-css-av-kh1335ie-11a6563482e2b556e7ee8f53166fa029\">\n#top .av_textblock_section.av-kh1335ie-11a6563482e2b556e7ee8f53166fa029 .avia_textblock{\nfont-size:12px;\n}\n<\/style>\n<section  class='av_textblock_section av-kh1335ie-11a6563482e2b556e7ee8f53166fa029'   itemscope=\"itemscope\" itemtype=\"https:\/\/schema.org\/BlogPosting\" itemprop=\"blogPost\" ><div class='avia_textblock'  itemprop=\"text\" ><p>mayme kratz, <a href=\"https:\/\/tucsonmuseumofart.pastperfectonline.com\/webobject\/97D5197B-7B89-4F1F-AEBA-201978471780\"><em>Nudo #253<\/em><\/a>, <a href=\"https:\/\/tucsonmuseumofart.pastperfectonline.com\/webobject\/ACFE4615-2918-4A1F-82D0-378372253230\"><em>Nudo #276<\/em><\/a>, <a href=\"https:\/\/tucsonmuseumofart.pastperfectonline.com\/webobject\/F5A8964B-B76D-4394-9112-229128305700\"><em>Nudo #282<\/em><\/a>, 2012, resina, hierba y papel sobre panel. Colecci\u00f3n del Museo de Arte de Tucson. Regalo an\u00f3nimo. 2013.11.2-4<\/p>\n<\/div><\/section><br \/>\n\n<style type=\"text\/css\" data-created_by=\"avia_inline_auto\" id=\"style-css-av-kh12zlom-1797ee6e767eed67dfa0c4a3d318ea7f\">\n#top .hr.hr-invisible.av-kh12zlom-1797ee6e767eed67dfa0c4a3d318ea7f{\nheight:20px;\n}\n<\/style>\n<div  class='hr av-kh12zlom-1797ee6e767eed67dfa0c4a3d318ea7f hr-invisible  avia-builder-el-17  el_after_av_textblock  el_before_av_textblock'><span class='hr-inner'><span class=\"hr-inner-style\"><\/span><\/span><\/div><br \/>\n<section  class='av_textblock_section av-kf7g22x4-bece1e8f76fbea518d023348f0210f66'   itemscope=\"itemscope\" itemtype=\"https:\/\/schema.org\/BlogPosting\" itemprop=\"blogPost\" ><div class='avia_textblock'  itemprop=\"text\" ><p>Para crear su serie &quot;Knot&quot;, toma hierbas comunes y las moldea a mano en forma de remolinos para que parezcan formas de nidos, lo que crea analog\u00edas entre la naturaleza y el hogar. Otras obras revelan la belleza explosiva de una sola extensi\u00f3n de c\u00e9sped que de otro modo se pasar\u00eda por alto en un terreno urbano abandonado. Una simple hierba se convierte as\u00ed en fuegos artificiales o en una constelaci\u00f3n de estrellas. En \u00faltima instancia, los pastos pueden considerarse una met\u00e1fora del paso del tiempo. Seg\u00fan Kratz, \u201cCon el tiempo, todo lo que hacemos, si no lo molestamos, quedar\u00e1 cubierto por la hierba. Recuerdo que esto era cierto desde mi infancia. A menudo creaba lugares especiales para jugar donde enterraba juguetes o constru\u00eda fuertes. Si se dejaba desatendido durante una temporada, la hierba tomar\u00eda el control y mis lugares secretos quedar\u00edan ocultos, cubiertos por la hierba\u201d.<\/p>\n<p>Kratz recibi\u00f3 una beca de artes visuales de 1995 de la Comisi\u00f3n de Artes de Arizona y un premio de mitad de carrera de 2010 del Foro Contempor\u00e1neo del Museo de Arte de Phoenix. Ha participado en residencias art\u00edsticas en Ucross Foundation en Wyoming (2010), Desert Botanical Garden en Arizona (2007), Pilchuck Glass School en el estado de Washington (1998) y Cassilhaus Artist Retreat and Residency en Carolina del Norte (2012).<\/p>\n<p>Las obras de Kratz se encuentran en las colecciones permanentes del Museo de Arte de Phoenix, el Museo de Arte Contempor\u00e1neo de Scottsdale, el Museo de Arte de San Jos\u00e9 y el Museo de Arte de Tucson, entre otros.<\/p>\n<\/div><\/section><br \/>\n<div  class='avia-video av-km2ikesv-308663ccc2fb2b1eff7f32ce60d0a767 avia-video-16-9 av-no-preview-image avia-video-load-always av-lazyload-immediate av-lazyload-video-embed'  itemprop=\"video\" itemtype=\"https:\/\/schema.org\/VideoObject\"  data-original_url='https:\/\/youtu.be\/zf6Z0kyDobU'><script type='text\/html' class='av-video-tmpl'><div class='avia-iframe-wrap'><iframe loading=\"lazy\" title=\"MAYME KRATZ STUDIO VISIT\" width=\"1500\" height=\"844\" src=\"https:\/\/www.youtube.com\/embed\/zf6Z0kyDobU?feature=oembed&autoplay=0&loop=0&controls=1&mute=0\" frameborder=\"0\" allow=\"accelerometer; autoplay; clipboard-write; encrypted-media; gyroscope; picture-in-picture\" allowfullscreen><\/iframe><\/div><\/script><div class='av-click-to-play-overlay'><div class=\"avia_playpause_icon\"><\/div><\/div><\/div><br \/>\n\n<style type=\"text\/css\" data-created_by=\"avia_inline_auto\" id=\"style-css-av-kh1335ie-11a6563482e2b556e7ee8f53166fa029\">\n#top .av_textblock_section.av-kh1335ie-11a6563482e2b556e7ee8f53166fa029 .avia_textblock{\nfont-size:12px;\n}\n<\/style>\n<section  class='av_textblock_section av-kh1335ie-11a6563482e2b556e7ee8f53166fa029'   itemscope=\"itemscope\" itemtype=\"https:\/\/schema.org\/BlogPosting\" itemprop=\"blogPost\" ><div class='avia_textblock'  itemprop=\"text\" ><p>Vea a Mayme Kratz trabajando en su estudio de Phoenix, AZ, en este cortometraje de <a href=\"https:\/\/emsartscene.com\/\">Eric Minh Swenson<\/a>.<\/p>\n<\/div><\/section><br \/>\n\n<style type=\"text\/css\" data-created_by=\"avia_inline_auto\" id=\"style-css-av-kh12zlom-1797ee6e767eed67dfa0c4a3d318ea7f\">\n#top .hr.hr-invisible.av-kh12zlom-1797ee6e767eed67dfa0c4a3d318ea7f{\nheight:20px;\n}\n<\/style>\n<div  class='hr av-kh12zlom-1797ee6e767eed67dfa0c4a3d318ea7f hr-invisible  avia-builder-el-21  el_after_av_textblock  el_before_av_heading'><span class='hr-inner'><span class=\"hr-inner-style\"><\/span><\/span><\/div><br \/>\n\n<style type=\"text\/css\" data-created_by=\"avia_inline_auto\" id=\"style-css-av-av_heading-94b7af1ae07df2f80e7b9bb07aafbf34\">\n#top .av-special-heading.av-av_heading-94b7af1ae07df2f80e7b9bb07aafbf34{\npadding-bottom:10px;\n}\nbody .av-special-heading.av-av_heading-94b7af1ae07df2f80e7b9bb07aafbf34 .av-special-heading-tag .heading-char{\nfont-size:25px;\n}\n.av-special-heading.av-av_heading-94b7af1ae07df2f80e7b9bb07aafbf34 .av-subheading{\nfont-size:15px;\n}\n<\/style>\n<div  class='av-special-heading av-av_heading-94b7af1ae07df2f80e7b9bb07aafbf34 av-special-heading-h3 blockquote modern-quote  avia-builder-el-22  el_after_av_hr  el_before_av_textblock'><h3 class='av-special-heading-tag'  itemprop=\"headline\"  >Excavar m\u00e1s hondo<\/h3><div class=\"special-heading-border\"><div class=\"special-heading-inner-border\"><\/div><\/div><\/div><br \/>\n<section  class='av_textblock_section av-kf7g22x4-bece1e8f76fbea518d023348f0210f66'   itemscope=\"itemscope\" itemtype=\"https:\/\/schema.org\/BlogPosting\" itemprop=\"blogPost\" ><div class='avia_textblock'  itemprop=\"text\" ><p><strong>LEER <\/strong><a href=\"https:\/\/www.tucsonmuseumofart.org\/wp-content\/uploads\/2021\/03\/Mayme-Kratz-essay-by-Julie-Sasse.pdf\">Descubrimientos \u00edntimos: naturaleza y poes\u00eda en el arte de Mayme Kratz<\/a>, un ensayo de 2002 de Julie Sasse<\/p>\n<p><strong>NAVEGAR <\/strong><a href=\"https:\/\/tucsonmuseumofart.pastperfectonline.com\/search?page=1&amp;search_criteria=kratz&amp;utf8=%E2%9C%93\">34 obras de Mayme Kratz<\/a> en la colecci\u00f3n permanente de TMA<\/p>\n<p><strong>VISITAR <\/strong>la web del artista: <a href=\"http:\/\/www.maymekratz.com\/index.html\">www.maymekratz.com<\/a><\/p>\n<p><strong>MIRAR <\/strong><em>Mayme Kratz\/Qu\u00e9date quieto<\/em>, un documental de 2013 de Gnosis Media. <a href=\"https:\/\/youtu.be\/UEV7FxWkoJw\">Ver el trailer<\/a><\/p>\n<\/div><\/section><br \/>\n<div  class='hr av-2aoixye-f39728a6c4054916a44a241ebfb9f49b hr-default  avia-builder-el-24  el_after_av_textblock  el_before_av_post_metadata'><span class='hr-inner'><span class=\"hr-inner-style\"><\/span><\/span><\/div><br \/>\n\n<style type=\"text\/css\" data-created_by=\"avia_inline_auto\" id=\"style-css-av-kh130hec-66d617892ea3a7b6db63057c12dedf78\">\n#top .av-post-metadata-container.av-kh130hec-66d617892ea3a7b6db63057c12dedf78{\nfont-size:12px;\n}\n#top .av-post-metadata-container.av-kh130hec-66d617892ea3a7b6db63057c12dedf78 .av-post-metadata-container-inner{\nfont-size:12px;\n}\n<\/style>\n<div  class='av-post-metadata-container av-kh130hec-66d617892ea3a7b6db63057c12dedf78 av-metadata-container-align-left  avia-builder-el-25  el_after_av_hr  avia-builder-el-last  av-metadata-container-2'><div class='av-post-metadata-container-inner'><span class=\"av-post-metadata-content av-post-metadata-meta-content\"><span class=\"av-post-metadata-content av-post-metadata-category\"><span class=\"av-metadata-before av-metadata-before-tags\">Etiquetas: <\/span><span class=\"av-post-metadata-category-link\" ><a href=\"https:\/\/www.tucsonmuseumofart.org\/es\/tag\/arizona-artists\/\" >artistas de arizona<\/a><\/span>, <span class=\"av-post-metadata-category-link\" ><a href=\"https:\/\/www.tucsonmuseumofart.org\/es\/tag\/contemporary-art\/\" >Arte contempor\u00e1neo<\/a><\/span>, <span class=\"av-post-metadata-category-link\" ><a href=\"https:\/\/www.tucsonmuseumofart.org\/es\/tag\/women-artists\/\" >mujeres artistas<\/a><\/span><\/span><\/span><\/div><\/div><\/p><\/div>\n<style type=\"text\/css\" data-created_by=\"avia_inline_auto\" id=\"style-css-av-137pcp2-7e51efcee9503ddb43d35bc29691b5ac\">\n.flex_column.av-137pcp2-7e51efcee9503ddb43d35bc29691b5ac{\nborder-radius:0px 0px 0px 0px;\npadding:0px 0px 0px 0px;\n}\n<\/style>\n<div  class='flex_column av-137pcp2-7e51efcee9503ddb43d35bc29691b5ac av_one_fifth  avia-builder-el-26  el_after_av_four_fifth  el_before_av_four_fifth  first flex_column_div av-zero-column-padding'     ><\/div><\/p>\n\n<style type=\"text\/css\" data-created_by=\"avia_inline_auto\" id=\"style-css-av-jfp2cm-44e51e1c7c9f56df71ef5f2d0eac148f\">\n.flex_column.av-jfp2cm-44e51e1c7c9f56df71ef5f2d0eac148f{\nborder-radius:0px 0px 0px 0px;\npadding:0px 0px 0px 0px;\n}\n<\/style>\n<div  class='flex_column av-jfp2cm-44e51e1c7c9f56df71ef5f2d0eac148f av_four_fifth  avia-builder-el-27  el_after_av_one_fifth  avia-builder-el-last  flex_column_div av-zero-column-padding'     ><\/div>","protected":false},"excerpt":{"rendered":"","protected":false},"author":177,"featured_media":21034,"comment_status":"closed","ping_status":"closed","sticky":false,"template":"","format":"standard","meta":{"_price":"","_stock":"","_tribe_ticket_header":"","_tribe_default_ticket_provider":"","_tribe_ticket_capacity":"0","_ticket_start_date":"","_ticket_end_date":"","_tribe_ticket_show_description":"","_tribe_ticket_show_not_going":false,"_tribe_ticket_use_global_stock":"","_tribe_ticket_global_stock_level":"","_global_stock_mode":"","_global_stock_cap":"","_tribe_rsvp_for_event":"","_tribe_ticket_going_count":"","_tribe_ticket_not_going_count":"","_tribe_tickets_list":"[]","_tribe_ticket_has_attendee_info_fields":false,"footnotes":""},"categories":[137],"tags":[154,153,148],"class_list":["post-21030","post","type-post","status-publish","format-standard","has-post-thumbnail","hentry","category-explore-artworks","tag-arizona-artists","tag-contemporary-art","tag-women-artists"],"publishpress_future_action":{"enabled":false,"date":"2026-05-05 15:13:20","action":"change-status","newStatus":"draft","terms":[],"taxonomy":"category","extraData":[]},"publishpress_future_workflow_manual_trigger":{"enabledWorkflows":[]},"_links":{"self":[{"href":"https:\/\/www.tucsonmuseumofart.org\/es\/wp-json\/wp\/v2\/posts\/21030","targetHints":{"allow":["GET"]}}],"collection":[{"href":"https:\/\/www.tucsonmuseumofart.org\/es\/wp-json\/wp\/v2\/posts"}],"about":[{"href":"https:\/\/www.tucsonmuseumofart.org\/es\/wp-json\/wp\/v2\/types\/post"}],"author":[{"embeddable":true,"href":"https:\/\/www.tucsonmuseumofart.org\/es\/wp-json\/wp\/v2\/users\/177"}],"replies":[{"embeddable":true,"href":"https:\/\/www.tucsonmuseumofart.org\/es\/wp-json\/wp\/v2\/comments?post=21030"}],"version-history":[{"count":8,"href":"https:\/\/www.tucsonmuseumofart.org\/es\/wp-json\/wp\/v2\/posts\/21030\/revisions"}],"predecessor-version":[{"id":21076,"href":"https:\/\/www.tucsonmuseumofart.org\/es\/wp-json\/wp\/v2\/posts\/21030\/revisions\/21076"}],"wp:featuredmedia":[{"embeddable":true,"href":"https:\/\/www.tucsonmuseumofart.org\/es\/wp-json\/wp\/v2\/media\/21034"}],"wp:attachment":[{"href":"https:\/\/www.tucsonmuseumofart.org\/es\/wp-json\/wp\/v2\/media?parent=21030"}],"wp:term":[{"taxonomy":"category","embeddable":true,"href":"https:\/\/www.tucsonmuseumofart.org\/es\/wp-json\/wp\/v2\/categories?post=21030"},{"taxonomy":"post_tag","embeddable":true,"href":"https:\/\/www.tucsonmuseumofart.org\/es\/wp-json\/wp\/v2\/tags?post=21030"}],"curies":[{"name":"wp","href":"https:\/\/api.w.org\/{rel}","templated":true}]}}