{"id":22671,"date":"2021-07-28T10:19:47","date_gmt":"2021-07-28T17:19:47","guid":{"rendered":"https:\/\/www.tucsonmuseumofart.org\/?p=22671"},"modified":"2021-07-28T10:19:47","modified_gmt":"2021-07-28T17:19:47","slug":"new-and-upcoming-works-in-the-kasser-family-wing-of-latin-american-art","status":"publish","type":"post","link":"https:\/\/www.tucsonmuseumofart.org\/es\/new-and-upcoming-works-in-the-kasser-family-wing-of-latin-american-art\/","title":{"rendered":"Obras nuevas y pr\u00f3ximas en el ala de arte latinoamericano de la familia Kasser"},"content":{"rendered":"<div id='av_section_1'  class='avia-section av-29tkc5r-13cfa4b030024f57bd56940d1606158c main_color avia-section-default avia-no-border-styling  avia-builder-el-0  el_before_av_submenu  avia-builder-el-first  avia-bg-style-scroll container_wrap fullsize'  ><div class='container av-section-cont-open' ><main  role=\"main\" itemprop=\"mainContentOfPage\"  class='template-page content  av-content-full alpha units'><div class='post-entry post-entry-type-page post-entry-22671'><div class='entry-content-wrapper clearfix'>\n\n<style type=\"text\/css\" data-created_by=\"avia_inline_auto\" id=\"style-css-av-kh12snuy-fe017a6e03931fb638512dac21ec2efa\">\n#top .av-special-heading.av-kh12snuy-fe017a6e03931fb638512dac21ec2efa{\npadding-bottom:0;\n}\nbody .av-special-heading.av-kh12snuy-fe017a6e03931fb638512dac21ec2efa .av-special-heading-tag .heading-char{\nfont-size:25px;\n}\n.av-special-heading.av-kh12snuy-fe017a6e03931fb638512dac21ec2efa .av-subheading{\nfont-size:15px;\n}\n<\/style>\n<div  class='av-special-heading av-kh12snuy-fe017a6e03931fb638512dac21ec2efa av-special-heading-h1 blockquote modern-quote modern-centered  avia-builder-el-1  avia-builder-el-no-sibling  av-linked-heading'><h1 class='av-special-heading-tag'  itemprop=\"headline\"  ><a class=\"av-heading-link\" href=\"https:\/\/www.tucsonmuseumofart.org\/es\/tma-stories-blog\/\" >Historias de TMA<\/a><\/h1><div class='av-subheading av-subheading_below'><p>Blog de un museo<\/p>\n<\/div><div class=\"special-heading-border\"><div class=\"special-heading-inner-border\"><\/div><\/div><\/div>\n\n<\/div><\/div><\/main><!-- close content main element --><\/div><\/div><div class='clear'><\/div><div id='sub_menu1'  class='av-submenu-container av-kgtsahmy-ad7ce5442612b66d6d074ac4af594d9f main_color av-switch-768  avia-builder-el-2  el_after_av_section  el_before_av_one_fifth  av-sticky-submenu submenu-not-first container_wrap fullsize' style='z-index:301' ><div class='container av-menu-mobile-active av-submenu-pos-center'><a href=\"#\" class=\"mobile_menu_toggle\" aria-hidden='true' data-av_icon='\ue811' data-av_iconfont='entypo-fontello'><span class=\"av-current-placeholder\">Men\u00fa<\/span><\/a><ul id='av-custom-submenu-1' class='av-subnav-menu'>\n<li class='menu-item av-4hnupsw-91cc1a3cef4dbdc5591bf0b1e43d42dc menu-item-top-level menu-item-top-level-1'><a href='https:\/\/www.tucsonmuseumofart.org\/es\/category\/exhibitions\/'  ><span class='avia-bullet'><\/span><span class='avia-menu-text'>Exposiciones<\/span><\/a><\/li>\n<li class='menu-item av-3risz1c-cac03a196fb680bdd044a3bed8c57d9a menu-item-top-level menu-item-top-level-2'><a href='https:\/\/www.tucsonmuseumofart.org\/es\/category\/curators-corner\/'  ><span class='avia-bullet'><\/span><span class='avia-menu-text'>Rinc\u00f3n de los curadores<\/span><\/a><\/li>\n<li class='menu-item av-3aht2lc-1823aef436d6830ed13260b76a472577 menu-item-top-level menu-item-top-level-3'><a href='https:\/\/www.tucsonmuseumofart.org\/es\/category\/artists-voices\/'  ><span class='avia-bullet'><\/span><span class='avia-menu-text'>Voces de artistas<\/span><\/a><\/li>\n<li class='menu-item av-2tdapog-3d3b82bd7f618d4e0190f3ae88307a4f menu-item-top-level menu-item-top-level-4'><a href='https:\/\/www.tucsonmuseumofart.org\/es\/category\/community-engagement\/'  ><span class='avia-bullet'><\/span><span class='avia-menu-text'>Participaci\u00f3n de la comunidad<\/span><\/a><\/li>\n<li class='menu-item av-2mppvuo-6631e6f94e6d8518e74e212ddd60091f menu-item-top-level menu-item-top-level-5'><a href='https:\/\/www.tucsonmuseumofart.org\/es\/category\/tma-collection\/'  ><span class='avia-bullet'><\/span><span class='avia-menu-text'>Explorar obras de arte<\/span><\/a><\/li>\n<li class='menu-item av-1yvnytc-d4247684d0bcc0e95f3da4fece8f993b menu-item-top-level menu-item-top-level-6'><a href='https:\/\/www.tucsonmuseumofart.org\/es\/category\/digital-content\/'  ><span class='avia-bullet'><\/span><span class='avia-menu-text'>Contenido digital<\/span><\/a><\/li>\n<\/ul><\/div><\/div><div class='sticky_placeholder'><\/div><div id='after_submenu_1'  class='main_color av_default_container_wrap container_wrap fullsize'  ><div class='container av-section-cont-open' ><div class='template-page content  av-content-full alpha units'><div class='post-entry post-entry-type-page post-entry-22671'><div class='entry-content-wrapper clearfix'>\n\n<style type=\"text\/css\" data-created_by=\"avia_inline_auto\" id=\"style-css-av-mwfbq8-c48772ee88ab81c50a096dafb61dc096\">\n.flex_column.av-mwfbq8-c48772ee88ab81c50a096dafb61dc096{\nborder-radius:0px 0px 0px 0px;\npadding:0px 0px 0px 0px;\n}\n<\/style>\n<div  class='flex_column av-mwfbq8-c48772ee88ab81c50a096dafb61dc096 av_one_fifth  avia-builder-el-3  el_after_av_submenu  el_before_av_four_fifth  avia-builder-el-first  first flex_column_div av-zero-column-padding'     ><\/div>\n\n<style type=\"text\/css\" data-created_by=\"avia_inline_auto\" id=\"style-css-av-11dslov-41a8b9a7726023a1081214cc1d77c617\">\n.flex_column.av-11dslov-41a8b9a7726023a1081214cc1d77c617{\nborder-radius:0px 0px 0px 0px;\npadding:0px 0px 0px 0px;\n}\n<\/style>\n<div  class='flex_column av-11dslov-41a8b9a7726023a1081214cc1d77c617 av_four_fifth  avia-builder-el-4  el_after_av_one_fifth  avia-builder-el-last  flex_column_div av-zero-column-padding'     ><p>\n<style type=\"text\/css\" data-created_by=\"avia_inline_auto\" id=\"style-css-av-kh12t14z-71bd7d7bad835830b3db80638eebae2c\">\n#top .av-special-heading.av-kh12t14z-71bd7d7bad835830b3db80638eebae2c{\npadding-bottom:10px;\n}\nbody .av-special-heading.av-kh12t14z-71bd7d7bad835830b3db80638eebae2c .av-special-heading-tag .heading-char{\nfont-size:25px;\n}\n.av-special-heading.av-kh12t14z-71bd7d7bad835830b3db80638eebae2c .av-subheading{\nfont-size:15px;\n}\n<\/style>\n<div  class='av-special-heading av-kh12t14z-71bd7d7bad835830b3db80638eebae2c av-special-heading-h2 blockquote modern-quote  avia-builder-el-5  el_before_av_post_metadata  avia-builder-el-first'><h2 class='av-special-heading-tag'  itemprop=\"headline\"  >Obras nuevas y pr\u00f3ximas en el ala de arte latinoamericano de la familia Kasser<\/h2><div class=\"special-heading-border\"><div class=\"special-heading-inner-border\"><\/div><\/div><\/div><br \/>\n\n<style type=\"text\/css\" data-created_by=\"avia_inline_auto\" id=\"style-css-av-1aj7r6o-7e69b3ffdaf83da0ce9e4c5ca2a93637\">\n#top .av-post-metadata-container.av-1aj7r6o-7e69b3ffdaf83da0ce9e4c5ca2a93637{\nfont-size:14px;\n}\n#top .av-post-metadata-container.av-1aj7r6o-7e69b3ffdaf83da0ce9e4c5ca2a93637 .av-post-metadata-container-inner{\nfont-size:14px;\n}\n<\/style>\n<div  class='av-post-metadata-container av-1aj7r6o-7e69b3ffdaf83da0ce9e4c5ca2a93637 av-metadata-container-align-left  avia-builder-el-6  el_after_av_heading  el_before_av_hr  av-metadata-container-1'><div class='av-post-metadata-container-inner'><span class=\"av-post-metadata-content av-post-metadata-meta-content\"><span class=\"av-post-metadata-content av-post-metadata-published\"><span class=\"av-post-metadata-published-date\" >julio 28, 2021<\/span><\/span><span class=\"av-post-metadata-content av-post-metadata-separator\"> | <\/span><span class=\"av-post-metadata-content av-post-metadata-category\"><span class=\"av-post-metadata-category-link\" ><a href=\"https:\/\/www.tucsonmuseumofart.org\/es\/category\/exhibitions\/\" >Exposiciones<\/a><\/span>, <span class=\"av-post-metadata-category-link\" ><a href=\"https:\/\/www.tucsonmuseumofart.org\/es\/category\/explore-artworks\/\" >Explorar obras de arte<\/a><\/span><\/span><\/span><\/div><\/div><br \/>\n\n<style type=\"text\/css\" data-created_by=\"avia_inline_auto\" id=\"style-css-av-kgttjgds-3af2862865e26c413068cf56d796f3ad\">\n#top .hr.hr-invisible.av-kgttjgds-3af2862865e26c413068cf56d796f3ad{\nheight:20px;\n}\n<\/style>\n<div  class='hr av-kgttjgds-3af2862865e26c413068cf56d796f3ad hr-invisible  avia-builder-el-7  el_after_av_post_metadata  el_before_av_image'><span class='hr-inner'><span class=\"hr-inner-style\"><\/span><\/span><\/div><br \/>\n\n<style type=\"text\/css\" data-created_by=\"avia_inline_auto\" id=\"style-css-av-kgtqxbd1-615f3bf88ca45e0c461086140366ee16\">\n.avia-image-container.av-kgtqxbd1-615f3bf88ca45e0c461086140366ee16 img.avia_image{\nbox-shadow:none;\n}\n.avia-image-container.av-kgtqxbd1-615f3bf88ca45e0c461086140366ee16 .av-image-caption-overlay-center{\ncolor:#ffffff;\n}\n<\/style>\n<div  class='avia-image-container av-kgtqxbd1-615f3bf88ca45e0c461086140366ee16 av-styling- avia-align-center  avia-builder-el-8  el_after_av_hr  el_before_av_textblock'   itemprop=\"image\" itemscope=\"itemscope\" itemtype=\"https:\/\/schema.org\/ImageObject\" ><div class=\"avia-image-container-inner\"><div class=\"avia-image-overlay-wrap\"><img decoding=\"async\" class='wp-image-22672 avia-img-lazy-loading-not-22672 avia_image' src=\"https:\/\/www.tucsonmuseumofart.org\/wp-content\/uploads\/2021\/07\/Kasser-stirrup-spout-vessel.jpg\" alt='' title='Recipiente con pico de estribo Kasser'  height=\"614\" width=\"922\"  itemprop=\"thumbnailUrl\" srcset=\"https:\/\/www.tucsonmuseumofart.org\/wp-content\/uploads\/2021\/07\/Kasser-stirrup-spout-vessel.jpg 922w, https:\/\/www.tucsonmuseumofart.org\/wp-content\/uploads\/2021\/07\/Kasser-stirrup-spout-vessel-450x300.jpg 450w, https:\/\/www.tucsonmuseumofart.org\/wp-content\/uploads\/2021\/07\/Kasser-stirrup-spout-vessel-300x200.jpg 300w, https:\/\/www.tucsonmuseumofart.org\/wp-content\/uploads\/2021\/07\/Kasser-stirrup-spout-vessel-768x511.jpg 768w, https:\/\/www.tucsonmuseumofart.org\/wp-content\/uploads\/2021\/07\/Kasser-stirrup-spout-vessel-705x469.jpg 705w\" sizes=\"(max-width: 922px) 100vw, 922px\" \/><\/div><\/div><\/div><br \/>\n\n<style type=\"text\/css\" data-created_by=\"avia_inline_auto\" id=\"style-css-av-kh1335ie-841125603b9d28d301e270d53f74aa06\">\n#top .av_textblock_section.av-kh1335ie-841125603b9d28d301e270d53f74aa06 .avia_textblock{\nfont-size:12px;\n}\n<\/style>\n<section  class='av_textblock_section av-kh1335ie-841125603b9d28d301e270d53f74aa06'   itemscope=\"itemscope\" itemtype=\"https:\/\/schema.org\/BlogPosting\" itemprop=\"blogPost\" ><div class='avia_textblock'  itemprop=\"text\" ><p>Vasijas con pico de estribo a la vista en el ala de arte latinoamericano de la familia Kasser. Foto de Julius Schlosburg.<\/p>\n<\/div><\/section><br \/>\n\n<style type=\"text\/css\" data-created_by=\"avia_inline_auto\" id=\"style-css-av-kh12zlom-1797ee6e767eed67dfa0c4a3d318ea7f\">\n#top .hr.hr-invisible.av-kh12zlom-1797ee6e767eed67dfa0c4a3d318ea7f{\nheight:20px;\n}\n<\/style>\n<div  class='hr av-kh12zlom-1797ee6e767eed67dfa0c4a3d318ea7f hr-invisible  avia-builder-el-10  el_after_av_textblock  el_before_av_textblock'><span class='hr-inner'><span class=\"hr-inner-style\"><\/span><\/span><\/div><br \/>\n<section  class='av_textblock_section av-kf7g22x4-91f13eb43dd1014040ec8d7b0a7e1001'   itemscope=\"itemscope\" itemtype=\"https:\/\/schema.org\/BlogPosting\" itemprop=\"blogPost\" ><div class='avia_textblock'  itemprop=\"text\" ><p>Esta semana, TMA marca un a\u00f1o desde la realizaci\u00f3n de un logro hist\u00f3rico en la historia del museo con el aniversario del Ala de Arte Latinoamericano de la Familia Kasser. Este espacio, que se inaugur\u00f3 el 24 de julio de 2020, celebra las tradiciones art\u00edsticas de las Am\u00e9ricas desde la antig\u00fcedad hasta la actualidad: m\u00e1s de 3000 a\u00f1os de arte latinoamericano.<\/p>\n<p>En los a\u00f1os previos a esa apertura, el personal de TMA aprendi\u00f3 y creci\u00f3, desafi\u00e1ndonos a nosotros mismos a imaginar exhibiciones, educaci\u00f3n y participaci\u00f3n comunitaria en un edificio que a\u00fan no exist\u00eda. El aprendizaje contin\u00faa, mientras continuamos repensando la historia del arte latinoamericano y lo que significa hoy en Tucson.<\/p>\n<p>Esperamos que haya podido visitar el Kasser Family Wing en su primer a\u00f1o. Esta semana lanzamos el segundo a\u00f1o con cambios en las galer\u00edas Ancient American y Colonial, y planes para dos exposiciones individuales en la galer\u00eda Contemporary. Siga leyendo para obtener m\u00e1s informaci\u00f3n sobre lo que est\u00e1 en la tienda.<\/p>\n<\/div><\/section><br \/>\n<div  class='hr av-222ea7j-9131fea580708832c38c1dc725aa3dbd hr-default  avia-builder-el-12  el_after_av_textblock  el_before_av_heading'><span class='hr-inner'><span class=\"hr-inner-style\"><\/span><\/span><\/div><br \/>\n\n<style type=\"text\/css\" data-created_by=\"avia_inline_auto\" id=\"style-css-av-krnotbwe-f6fea0053b2a0f876c5efd32a048a87c\">\n#top .av-special-heading.av-krnotbwe-f6fea0053b2a0f876c5efd32a048a87c{\npadding-bottom:10px;\n}\nbody .av-special-heading.av-krnotbwe-f6fea0053b2a0f876c5efd32a048a87c .av-special-heading-tag .heading-char{\nfont-size:25px;\n}\n.av-special-heading.av-krnotbwe-f6fea0053b2a0f876c5efd32a048a87c .av-subheading{\nfont-size:15px;\n}\n<\/style>\n<div  class='av-special-heading av-krnotbwe-f6fea0053b2a0f876c5efd32a048a87c av-special-heading-h3 blockquote modern-quote  avia-builder-el-13  el_after_av_hr  el_before_av_textblock'><h3 class='av-special-heading-tag'  itemprop=\"headline\"  >Del curador: Dr. Kristopher Driggers<\/h3><div class=\"special-heading-border\"><div class=\"special-heading-inner-border\"><\/div><\/div><\/div><br \/>\n<section  class='av_textblock_section av-krnos87y-d3a1028abcc62f770b82d48da770a227'   itemscope=\"itemscope\" itemtype=\"https:\/\/schema.org\/BlogPosting\" itemprop=\"blogPost\" ><div class='avia_textblock'  itemprop=\"text\" ><p>Uno de los grandes placeres de trabajar como curador es pensar en formas de ayudar a nuestra audiencia a profundizar en las obras de arte de la colecci\u00f3n que a veces pueden pasarse por alto. Esta semana, ya que conmemoramos el aniversario del Ala de Arte Latinoamericano de la Familia Kasser, tambi\u00e9n estamos haciendo algunos cambios en las obras que tenemos en exhibici\u00f3n en el Ala, rotando las obras en exhibici\u00f3n para ser reemplazadas por objetos que anteriormente estaban almacenados. . Esto permite que el arte hecho con materiales fr\u00e1giles (como madera o tela) \u201cdescanse\u201d al tiempo que nos permite resaltar obras que anteriormente no estaban en exhibici\u00f3n.<\/p>\n<\/div><\/section><br \/>\n\n<style type=\"text\/css\" data-created_by=\"avia_inline_auto\" id=\"style-css-av-krnoxtuc-f5bec52a17e0697ae2c409f1c4f0bee1\">\n.avia-image-container.av-krnoxtuc-f5bec52a17e0697ae2c409f1c4f0bee1 img.avia_image{\nbox-shadow:none;\n}\n.avia-image-container.av-krnoxtuc-f5bec52a17e0697ae2c409f1c4f0bee1 .av-image-caption-overlay-center{\ncolor:#ffffff;\n}\n<\/style>\n<div  class='avia-image-container av-krnoxtuc-f5bec52a17e0697ae2c409f1c4f0bee1 av-styling- avia-align-center  avia-builder-el-15  el_after_av_textblock  el_before_av_textblock'   itemprop=\"image\" itemscope=\"itemscope\" itemtype=\"https:\/\/schema.org\/ImageObject\" ><div class=\"avia-image-container-inner\"><div class=\"avia-image-overlay-wrap\"><img decoding=\"async\" class='wp-image-22673 avia-img-lazy-loading-not-22673 avia_image' src=\"https:\/\/www.tucsonmuseumofart.org\/wp-content\/uploads\/2021\/07\/Kasser-197122.jpg\" alt='' title='Kasser 197122'  height=\"600\" width=\"515\"  itemprop=\"thumbnailUrl\" srcset=\"https:\/\/www.tucsonmuseumofart.org\/wp-content\/uploads\/2021\/07\/Kasser-197122.jpg 515w, https:\/\/www.tucsonmuseumofart.org\/wp-content\/uploads\/2021\/07\/Kasser-197122-450x524.jpg 450w, https:\/\/www.tucsonmuseumofart.org\/wp-content\/uploads\/2021\/07\/Kasser-197122-258x300.jpg 258w\" sizes=\"(max-width: 515px) 100vw, 515px\" \/><\/div><\/div><\/div><br \/>\n\n<style type=\"text\/css\" data-created_by=\"avia_inline_auto\" id=\"style-css-av-krnoyglp-81d527773479805e25900c7bfb199dac\">\n#top .av_textblock_section.av-krnoyglp-81d527773479805e25900c7bfb199dac .avia_textblock{\nfont-size:12px;\n}\n<\/style>\n<section  class='av_textblock_section av-krnoyglp-81d527773479805e25900c7bfb199dac'   itemscope=\"itemscope\" itemtype=\"https:\/\/schema.org\/BlogPosting\" itemprop=\"blogPost\" ><div class='avia_textblock'  itemprop=\"text\" ><p>Cultura Chancay, Costa Central del Per\u00fa, Efigie de Cham\u00e1n Femenina, 1100 -1300, Barro, engobe. Colecci\u00f3n del Museo de Arte de Tucson. Donaci\u00f3n de Frederick R. Pleasants. 1971.22<\/p>\n<\/div><\/section><br \/>\n<section  class='av_textblock_section av-krnowjne-94d250e2bc6b86169ca31368c5fb8e85'   itemscope=\"itemscope\" itemtype=\"https:\/\/schema.org\/BlogPosting\" itemprop=\"blogPost\" ><div class='avia_textblock'  itemprop=\"text\" ><p>A partir de esta semana, los visitantes pueden ver dos nuevas incorporaciones al espacio de arte andino de TMA: una obra de escultura de Chancay del antiguo Per\u00fa y una escultura de Quimbaya de la antigua Colombia. Ambas obras fueron realizadas por artistas que adoptaron enfoques emocionantes para representar el cuerpo humano. El trabajo de Chancay muestra una figura representada en forma bulbosa e hinchada, con elaborados dise\u00f1os geom\u00e9tricos que rodean la cintura y la frente.<\/p>\n<\/div><\/section><br \/>\n\n<style type=\"text\/css\" data-created_by=\"avia_inline_auto\" id=\"style-css-av-krnqquop-2626651b989016fe30094334a397a9ee\">\n#top .hr.hr-invisible.av-krnqquop-2626651b989016fe30094334a397a9ee{\nheight:30px;\n}\n<\/style>\n<div  class='hr av-krnqquop-2626651b989016fe30094334a397a9ee hr-invisible  avia-builder-el-18  el_after_av_textblock  el_before_av_image'><span class='hr-inner'><span class=\"hr-inner-style\"><\/span><\/span><\/div><br \/>\n\n<style type=\"text\/css\" data-created_by=\"avia_inline_auto\" id=\"style-css-av-krnp76fx-b7e79f389c3729dc8277b49b0718d34b\">\n.avia-image-container.av-krnp76fx-b7e79f389c3729dc8277b49b0718d34b img.avia_image{\nbox-shadow:none;\n}\n.avia-image-container.av-krnp76fx-b7e79f389c3729dc8277b49b0718d34b .av-image-caption-overlay-center{\ncolor:#ffffff;\n}\n<\/style>\n<div  class='avia-image-container av-krnp76fx-b7e79f389c3729dc8277b49b0718d34b av-styling- avia-align-center  avia-builder-el-19  el_after_av_hr  el_before_av_textblock'   itemprop=\"image\" itemscope=\"itemscope\" itemtype=\"https:\/\/schema.org\/ImageObject\" ><div class=\"avia-image-container-inner\"><div class=\"avia-image-overlay-wrap\"><img decoding=\"async\" class='wp-image-22674 avia-img-lazy-loading-not-22674 avia_image' src=\"https:\/\/www.tucsonmuseumofart.org\/wp-content\/uploads\/2021\/07\/Kasser-1987101-2.jpg\" alt='' title='Kaser 1987101-2'  height=\"600\" width=\"515\"  itemprop=\"thumbnailUrl\" srcset=\"https:\/\/www.tucsonmuseumofart.org\/wp-content\/uploads\/2021\/07\/Kasser-1987101-2.jpg 515w, https:\/\/www.tucsonmuseumofart.org\/wp-content\/uploads\/2021\/07\/Kasser-1987101-2-450x524.jpg 450w, https:\/\/www.tucsonmuseumofart.org\/wp-content\/uploads\/2021\/07\/Kasser-1987101-2-258x300.jpg 258w\" sizes=\"(max-width: 515px) 100vw, 515px\" \/><\/div><\/div><\/div><br \/>\n\n<style type=\"text\/css\" data-created_by=\"avia_inline_auto\" id=\"style-css-av-krnp83zk-77199da8638cd9d8297b8b4a9cea44fc\">\n#top .av_textblock_section.av-krnp83zk-77199da8638cd9d8297b8b4a9cea44fc .avia_textblock{\nfont-size:12px;\n}\n<\/style>\n<section  class='av_textblock_section av-krnp83zk-77199da8638cd9d8297b8b4a9cea44fc'   itemscope=\"itemscope\" itemtype=\"https:\/\/schema.org\/BlogPosting\" itemprop=\"blogPost\" ><div class='avia_textblock'  itemprop=\"text\" ><p>Cultura Quimbaya, Colombia, Valle del r\u00edo Cauca, Figura sentada con ornamentaci\u00f3n ritual, 900-1200, Barro. Colecci\u00f3n del Museo de Arte de Tucson. Regalo an\u00f3nimo. 1987.10.1<\/p>\n<\/div><\/section><br \/>\n<section  class='av_textblock_section av-krnowzr7-dcd1ee8580cad9417f481bf7cc31866a'   itemscope=\"itemscope\" itemtype=\"https:\/\/schema.org\/BlogPosting\" itemprop=\"blogPost\" ><div class='avia_textblock'  itemprop=\"text\" ><p>La obra de Quimbaya est\u00e1 realizada con losas de barro adosadas y muestra un rostro muy abstracto. Dise\u00f1os sagrados envuelven las rodillas de la figura y cerca de las curvas de los brazos. Ambas esculturas han sido parte de la colecci\u00f3n TMA durante muchas d\u00e9cadas, pero cuando se expongan en el ala de la familia Kasser, cada una se destacar\u00e1 como una obra singular por primera vez, con nueva iluminaci\u00f3n y espacio para apreciar el pensamiento visual. y las intenciones de los artistas que los produjeron.<\/p>\n<p>Junto con estas nuevas obras, disfrute de una galer\u00eda reci\u00e9n configurada para Arte Colonial Latinoamericano y nuevas incorporaciones a la galer\u00eda de Arte Mesoamericano a partir de esta semana.<\/p>\n<p><em>El Dr. Kristopher Driggers es Curador Asistente y Curador Schmidt de Arte Latinoamericano en TMA.<\/em><\/p>\n<\/div><\/section><br \/>\n<div  class='hr av-1fkmmbz-ceeefa8a2079568568dfaad273ee30e1 hr-default  avia-builder-el-22  el_after_av_textblock  el_before_av_heading'><span class='hr-inner'><span class=\"hr-inner-style\"><\/span><\/span><\/div><br \/>\n\n<style type=\"text\/css\" data-created_by=\"avia_inline_auto\" id=\"style-css-av-krnpbauy-407282b1daa8199e87c64cc4ebb271e1\">\n#top .av-special-heading.av-krnpbauy-407282b1daa8199e87c64cc4ebb271e1{\npadding-bottom:10px;\n}\nbody .av-special-heading.av-krnpbauy-407282b1daa8199e87c64cc4ebb271e1 .av-special-heading-tag .heading-char{\nfont-size:25px;\n}\n.av-special-heading.av-krnpbauy-407282b1daa8199e87c64cc4ebb271e1 .av-subheading{\nfont-size:15px;\n}\n<\/style>\n<div  class='av-special-heading av-krnpbauy-407282b1daa8199e87c64cc4ebb271e1 av-special-heading-h3 blockquote modern-quote  avia-builder-el-23  el_after_av_hr  el_before_av_textblock'><h3 class='av-special-heading-tag'  itemprop=\"headline\"  >Pr\u00f3ximas Exposiciones en el Ala de la Familia Kasser<\/h3><div class=\"special-heading-border\"><div class=\"special-heading-inner-border\"><\/div><\/div><\/div><br \/>\n<section  class='av_textblock_section av-krnpecte-218ba00b352fff699eb5ca8c82d97b19'   itemscope=\"itemscope\" itemtype=\"https:\/\/schema.org\/BlogPosting\" itemprop=\"blogPost\" ><div class='avia_textblock'  itemprop=\"text\" ><p>Durante el a\u00f1o pasado, la bah\u00eda de Arte Latinoamericano Contempor\u00e1neo del Ala de la Familia Kasser present\u00f3 obras de la colecci\u00f3n permanente de TMA, incluidas varias adquisiciones recientes. En la temporada 2021\/22 ser\u00e1 sede de dos exposiciones individuales.<\/p>\n<\/div><\/section><br \/>\n\n<style type=\"text\/css\" data-created_by=\"avia_inline_auto\" id=\"style-css-av-krnqo0k5-9f4ee0154560e6cfe96a29bf1cc9acd4\">\n.avia-image-container.av-krnqo0k5-9f4ee0154560e6cfe96a29bf1cc9acd4 img.avia_image{\nbox-shadow:none;\n}\n.avia-image-container.av-krnqo0k5-9f4ee0154560e6cfe96a29bf1cc9acd4 .av-image-caption-overlay-center{\ncolor:#ffffff;\n}\n<\/style>\n<div  class='avia-image-container av-krnqo0k5-9f4ee0154560e6cfe96a29bf1cc9acd4 av-styling- avia-align-center  avia-builder-el-25  el_after_av_textblock  el_before_av_textblock'   itemprop=\"image\" itemscope=\"itemscope\" itemtype=\"https:\/\/schema.org\/ImageObject\" ><div class=\"avia-image-container-inner\"><div class=\"avia-image-overlay-wrap\"><img decoding=\"async\" class='wp-image-22675 avia-img-lazy-loading-not-22675 avia_image' src=\"https:\/\/www.tucsonmuseumofart.org\/wp-content\/uploads\/2021\/07\/PM_No-Justice-No-Love-web.jpg\" alt='' title='PM_No Justice No Love-web'  height=\"656\" width=\"1000\"  itemprop=\"thumbnailUrl\" srcset=\"https:\/\/www.tucsonmuseumofart.org\/wp-content\/uploads\/2021\/07\/PM_No-Justice-No-Love-web.jpg 1000w, https:\/\/www.tucsonmuseumofart.org\/wp-content\/uploads\/2021\/07\/PM_No-Justice-No-Love-web-450x295.jpg 450w, https:\/\/www.tucsonmuseumofart.org\/wp-content\/uploads\/2021\/07\/PM_No-Justice-No-Love-web-300x197.jpg 300w, https:\/\/www.tucsonmuseumofart.org\/wp-content\/uploads\/2021\/07\/PM_No-Justice-No-Love-web-768x504.jpg 768w, https:\/\/www.tucsonmuseumofart.org\/wp-content\/uploads\/2021\/07\/PM_No-Justice-No-Love-web-705x462.jpg 705w\" sizes=\"(max-width: 1000px) 100vw, 1000px\" \/><\/div><\/div><\/div><br \/>\n\n<style type=\"text\/css\" data-created_by=\"avia_inline_auto\" id=\"style-css-av-krnpgmou-dedd00c301a33148d9b14e12d963c616\">\n#top .av_textblock_section.av-krnpgmou-dedd00c301a33148d9b14e12d963c616 .avia_textblock{\nfont-size:12px;\n}\n<\/style>\n<section  class='av_textblock_section av-krnpgmou-dedd00c301a33148d9b14e12d963c616'   itemscope=\"itemscope\" itemtype=\"https:\/\/schema.org\/BlogPosting\" itemprop=\"blogPost\" ><div class='avia_textblock'  itemprop=\"text\" ><p>Patricio Mart\u00ednez,\u00a0<em>Sin justicia, sin amor<\/em>, 2020, estuco, ne\u00f3n, madera osb, pintura en aerosol, pintura de casa de l\u00e1tex, camiseta adidas, plexigl\u00e1s y esmalte en el panel. Cortes\u00eda del artista y de la galer\u00eda Charlie James, Los \u00c1ngeles, CA<\/p>\n<\/div><\/section><br \/>\n<section  class='av_textblock_section av-krnpg8pa-2843c7c0614d39002e4685b567354f44'   itemscope=\"itemscope\" itemtype=\"https:\/\/schema.org\/BlogPosting\" itemprop=\"blogPost\" ><div class='avia_textblock'  itemprop=\"text\" ><p>4 DE NOVIEMBRE DE 2021\u201324 DE ABRIL DE 2022<br \/>\n<strong>Patrick Martinez: Mira lo que creaste.<\/strong><\/p>\n<p>En su primera exposici\u00f3n individual en un museo en el suroeste de Estados Unidos, el artista residente en Los \u00c1ngeles Patrick Martinez (n. 1980) examina temas que incluyen comunidades de color, discriminaci\u00f3n, desplazamiento y responsabilidad. Sus trabajos de medios mixtos invocan conversaciones sobre equidad, empat\u00eda, humanidad y conexi\u00f3n.\u00a0<a href=\"https:\/\/www.tucsonmuseumofart.org\/es\/exhibition\/patrick-martinez\/\">M\u00e1s informaci\u00f3n &gt;<\/a><\/p>\n<\/div><\/section><br \/>\n\n<style type=\"text\/css\" data-created_by=\"avia_inline_auto\" id=\"style-css-av-av_hr-af89a52d51412774536fa272e468f7cd\">\n#top .hr.hr-invisible.av-av_hr-af89a52d51412774536fa272e468f7cd{\nheight:30px;\n}\n<\/style>\n<div  class='hr av-av_hr-af89a52d51412774536fa272e468f7cd hr-invisible  avia-builder-el-28  el_after_av_textblock  el_before_av_image'><span class='hr-inner'><span class=\"hr-inner-style\"><\/span><\/span><\/div><br \/>\n\n<style type=\"text\/css\" data-created_by=\"avia_inline_auto\" id=\"style-css-av-krnqovgk-ae4941fe2f4499d07d456e0747669919\">\n.avia-image-container.av-krnqovgk-ae4941fe2f4499d07d456e0747669919 img.avia_image{\nbox-shadow:none;\n}\n.avia-image-container.av-krnqovgk-ae4941fe2f4499d07d456e0747669919 .av-image-caption-overlay-center{\ncolor:#ffffff;\n}\n<\/style>\n<div  class='avia-image-container av-krnqovgk-ae4941fe2f4499d07d456e0747669919 av-styling- avia-align-center  avia-builder-el-29  el_after_av_hr  el_before_av_textblock'   itemprop=\"image\" itemscope=\"itemscope\" itemtype=\"https:\/\/schema.org\/ImageObject\" ><div class=\"avia-image-container-inner\"><div class=\"avia-image-overlay-wrap\"><img decoding=\"async\" class='wp-image-22210 avia-img-lazy-loading-not-22210 avia_image' src=\"https:\/\/www.tucsonmuseumofart.org\/wp-content\/uploads\/2021\/06\/2021720-1030x732.jpg\" alt='' title='Francisco Toledo, El Desayuno'  height=\"732\" width=\"1030\"  itemprop=\"thumbnailUrl\" srcset=\"https:\/\/www.tucsonmuseumofart.org\/wp-content\/uploads\/2021\/06\/2021720-1030x732.jpg 1030w, https:\/\/www.tucsonmuseumofart.org\/wp-content\/uploads\/2021\/06\/2021720-450x320.jpg 450w, https:\/\/www.tucsonmuseumofart.org\/wp-content\/uploads\/2021\/06\/2021720-300x213.jpg 300w, https:\/\/www.tucsonmuseumofart.org\/wp-content\/uploads\/2021\/06\/2021720-768x546.jpg 768w, https:\/\/www.tucsonmuseumofart.org\/wp-content\/uploads\/2021\/06\/2021720-1536x1092.jpg 1536w, https:\/\/www.tucsonmuseumofart.org\/wp-content\/uploads\/2021\/06\/2021720-2048x1456.jpg 2048w, https:\/\/www.tucsonmuseumofart.org\/wp-content\/uploads\/2021\/06\/2021720-1500x1067.jpg 1500w, https:\/\/www.tucsonmuseumofart.org\/wp-content\/uploads\/2021\/06\/2021720-260x185.jpg 260w, https:\/\/www.tucsonmuseumofart.org\/wp-content\/uploads\/2021\/06\/2021720-705x501.jpg 705w\" sizes=\"(max-width: 1030px) 100vw, 1030px\" \/><\/div><\/div><\/div><br \/>\n\n<style type=\"text\/css\" data-created_by=\"avia_inline_auto\" id=\"style-css-av-krnqq8f3-09fd09bbb09cd72090812d8d3f447d84\">\n#top .av_textblock_section.av-krnqq8f3-09fd09bbb09cd72090812d8d3f447d84 .avia_textblock{\nfont-size:12px;\n}\n<\/style>\n<section  class='av_textblock_section av-krnqq8f3-09fd09bbb09cd72090812d8d3f447d84'   itemscope=\"itemscope\" itemtype=\"https:\/\/schema.org\/BlogPosting\" itemprop=\"blogPost\" ><div class='avia_textblock'  itemprop=\"text\" ><p>Francisco Toledo, <em>El Desayuno<\/em>, 1968, acuarela. Colecci\u00f3n del Museo de Arte de Tucson. Regalo de la colecci\u00f3n Mary and Hal Douthit. 2021.7.20<\/p>\n<\/div><\/section><br \/>\n<section  class='av_textblock_section av-krnphjrw-c604f0e9c9297957a4572967c5bd1d29'   itemscope=\"itemscope\" itemtype=\"https:\/\/schema.org\/BlogPosting\" itemprop=\"blogPost\" ><div class='avia_textblock'  itemprop=\"text\" ><p>DEL 5 DE MAYO AL 24 DE AGOSTO DE 2022<br \/>\n<strong>Francisco Toledo: F\u00e1bulas de papel<\/strong><\/p>\n<p>El artista oaxaque\u00f1o Francisco Toledo (1940\u20132019) cre\u00f3 un prol\u00edfico cuerpo de gr\u00e1ficos y pinturas que representan historias del pasado antiguo de M\u00e9xico, as\u00ed como de su presente. Esta exposici\u00f3n de obras en papel de finales de la d\u00e9cada de 1960 y principios de la de 1970, a la vez humor\u00edsticas, oscuras, ir\u00f3nicas y er\u00f3ticas, visualiza f\u00e1bulas: narrativas moralistas y explicativas sobre humanos y animales. Estas obras fueron donadas recientemente al museo de la colecci\u00f3n de Mary y Hal Douthit.\u00a0<a href=\"https:\/\/www.tucsonmuseumofart.org\/es\/exhibition\/francisco-toledo-paper-fables\/\">M\u00e1s informaci\u00f3n &gt;<\/a><\/p>\n<\/div><\/section><br \/>\n<div  class='hr av-cxlbj-a5bb556c5435f60470d0b356550815d7 hr-default  avia-builder-el-32  el_after_av_textblock  el_before_av_post_metadata'><span class='hr-inner'><span class=\"hr-inner-style\"><\/span><\/span><\/div><br \/>\n\n<style type=\"text\/css\" data-created_by=\"avia_inline_auto\" id=\"style-css-av-kh130hec-66d617892ea3a7b6db63057c12dedf78\">\n#top .av-post-metadata-container.av-kh130hec-66d617892ea3a7b6db63057c12dedf78{\nfont-size:12px;\n}\n#top .av-post-metadata-container.av-kh130hec-66d617892ea3a7b6db63057c12dedf78 .av-post-metadata-container-inner{\nfont-size:12px;\n}\n<\/style>\n<div  class='av-post-metadata-container av-kh130hec-66d617892ea3a7b6db63057c12dedf78 av-metadata-container-align-left  avia-builder-el-33  el_after_av_hr  avia-builder-el-last  av-metadata-container-2'><div class='av-post-metadata-container-inner'><span class=\"av-post-metadata-content av-post-metadata-meta-content\"><span class=\"av-post-metadata-content av-post-metadata-category\"><span class=\"av-metadata-before av-metadata-before-tags\">Etiquetas: <\/span><span class=\"av-post-metadata-category-link\" ><a href=\"https:\/\/www.tucsonmuseumofart.org\/es\/tag\/ancient-american-art\/\" >Arte americano antiguo<\/a><\/span>, <span class=\"av-post-metadata-category-link\" ><a href=\"https:\/\/www.tucsonmuseumofart.org\/es\/tag\/kasser-family-wing\/\" >Ala de la familia Kasser<\/a><\/span>, <span class=\"av-post-metadata-category-link\" ><a href=\"https:\/\/www.tucsonmuseumofart.org\/es\/tag\/latin-american-art\/\" >Arte latinoamericano<\/a><\/span>, <span class=\"av-post-metadata-category-link\" ><a href=\"https:\/\/www.tucsonmuseumofart.org\/es\/tag\/tma-stories\/\" >Historias de TMA<\/a><\/span><\/span><\/span><\/div><\/div><\/p><\/div>","protected":false},"excerpt":{"rendered":"","protected":false},"author":177,"featured_media":22678,"comment_status":"closed","ping_status":"closed","sticky":false,"template":"","format":"standard","meta":{"_price":"","_stock":"","_tribe_ticket_header":"","_tribe_default_ticket_provider":"","_tribe_ticket_capacity":"0","_ticket_start_date":"","_ticket_end_date":"","_tribe_ticket_show_description":"","_tribe_ticket_show_not_going":false,"_tribe_ticket_use_global_stock":"","_tribe_ticket_global_stock_level":"","_global_stock_mode":"","_global_stock_cap":"","_tribe_rsvp_for_event":"","_tribe_ticket_going_count":"","_tribe_ticket_not_going_count":"","_tribe_tickets_list":"[]","_tribe_ticket_has_attendee_info_fields":false,"footnotes":""},"categories":[130,137],"tags":[139,138,143,158],"class_list":["post-22671","post","type-post","status-publish","format-standard","has-post-thumbnail","hentry","category-exhibitions","category-explore-artworks","tag-ancient-american-art","tag-kasser-family-wing","tag-latin-american-art","tag-tma-stories"],"publishpress_future_action":{"enabled":false,"date":"2026-05-03 03:56:16","action":"change-status","newStatus":"draft","terms":[],"taxonomy":"category","extraData":[]},"publishpress_future_workflow_manual_trigger":{"enabledWorkflows":[]},"_links":{"self":[{"href":"https:\/\/www.tucsonmuseumofart.org\/es\/wp-json\/wp\/v2\/posts\/22671","targetHints":{"allow":["GET"]}}],"collection":[{"href":"https:\/\/www.tucsonmuseumofart.org\/es\/wp-json\/wp\/v2\/posts"}],"about":[{"href":"https:\/\/www.tucsonmuseumofart.org\/es\/wp-json\/wp\/v2\/types\/post"}],"author":[{"embeddable":true,"href":"https:\/\/www.tucsonmuseumofart.org\/es\/wp-json\/wp\/v2\/users\/177"}],"replies":[{"embeddable":true,"href":"https:\/\/www.tucsonmuseumofart.org\/es\/wp-json\/wp\/v2\/comments?post=22671"}],"version-history":[{"count":4,"href":"https:\/\/www.tucsonmuseumofart.org\/es\/wp-json\/wp\/v2\/posts\/22671\/revisions"}],"predecessor-version":[{"id":22680,"href":"https:\/\/www.tucsonmuseumofart.org\/es\/wp-json\/wp\/v2\/posts\/22671\/revisions\/22680"}],"wp:featuredmedia":[{"embeddable":true,"href":"https:\/\/www.tucsonmuseumofart.org\/es\/wp-json\/wp\/v2\/media\/22678"}],"wp:attachment":[{"href":"https:\/\/www.tucsonmuseumofart.org\/es\/wp-json\/wp\/v2\/media?parent=22671"}],"wp:term":[{"taxonomy":"category","embeddable":true,"href":"https:\/\/www.tucsonmuseumofart.org\/es\/wp-json\/wp\/v2\/categories?post=22671"},{"taxonomy":"post_tag","embeddable":true,"href":"https:\/\/www.tucsonmuseumofart.org\/es\/wp-json\/wp\/v2\/tags?post=22671"}],"curies":[{"name":"wp","href":"https:\/\/api.w.org\/{rel}","templated":true}]}}