{"id":22681,"date":"2021-07-24T10:21:29","date_gmt":"2021-07-24T17:21:29","guid":{"rendered":"https:\/\/www.tucsonmuseumofart.org\/?p=22681"},"modified":"2021-07-28T11:10:41","modified_gmt":"2021-07-28T18:10:41","slug":"kasser-family-wing-an-art-legacy-documentary-film","status":"publish","type":"post","link":"https:\/\/www.tucsonmuseumofart.org\/es\/kasser-family-wing-an-art-legacy-documentary-film\/","title":{"rendered":"Kasser Family Wing: An Art Legacy (pel\u00edcula documental) en honor al primer aniversario"},"content":{"rendered":"<div id='av_section_1'  class='avia-section av-29tkc5r-13cfa4b030024f57bd56940d1606158c main_color avia-section-default avia-no-border-styling  avia-builder-el-0  el_before_av_submenu  avia-builder-el-first  avia-bg-style-scroll container_wrap fullsize'  ><div class='container av-section-cont-open' ><main  role=\"main\" itemprop=\"mainContentOfPage\"  class='template-page content  av-content-full alpha units'><div class='post-entry post-entry-type-page post-entry-22681'><div class='entry-content-wrapper clearfix'>\n\n<style type=\"text\/css\" data-created_by=\"avia_inline_auto\" id=\"style-css-av-kh12snuy-fe017a6e03931fb638512dac21ec2efa\">\n#top .av-special-heading.av-kh12snuy-fe017a6e03931fb638512dac21ec2efa{\npadding-bottom:0;\n}\nbody .av-special-heading.av-kh12snuy-fe017a6e03931fb638512dac21ec2efa .av-special-heading-tag .heading-char{\nfont-size:25px;\n}\n.av-special-heading.av-kh12snuy-fe017a6e03931fb638512dac21ec2efa .av-subheading{\nfont-size:15px;\n}\n<\/style>\n<div  class='av-special-heading av-kh12snuy-fe017a6e03931fb638512dac21ec2efa av-special-heading-h1 blockquote modern-quote modern-centered  avia-builder-el-1  avia-builder-el-no-sibling  av-linked-heading'><h1 class='av-special-heading-tag'  itemprop=\"headline\"  ><a class=\"av-heading-link\" href=\"https:\/\/www.tucsonmuseumofart.org\/es\/tma-stories-blog\/\" >Historias de TMA<\/a><\/h1><div class='av-subheading av-subheading_below'><p>Blog de un museo<\/p>\n<\/div><div class=\"special-heading-border\"><div class=\"special-heading-inner-border\"><\/div><\/div><\/div>\n\n<\/div><\/div><\/main><!-- close content main element --><\/div><\/div><div class='clear'><\/div><div id='sub_menu1'  class='av-submenu-container av-kgtsahmy-ad7ce5442612b66d6d074ac4af594d9f main_color av-switch-768  avia-builder-el-2  el_after_av_section  el_before_av_one_fifth  av-sticky-submenu submenu-not-first container_wrap fullsize' style='z-index:301' ><div class='container av-menu-mobile-active av-submenu-pos-center'><a href=\"#\" class=\"mobile_menu_toggle\" aria-hidden='true' data-av_icon='\ue811' data-av_iconfont='entypo-fontello'><span class=\"av-current-placeholder\">Men\u00fa<\/span><\/a><ul id='av-custom-submenu-1' class='av-subnav-menu'>\n<li class='menu-item av-4hnupsw-91cc1a3cef4dbdc5591bf0b1e43d42dc menu-item-top-level menu-item-top-level-1'><a href='https:\/\/www.tucsonmuseumofart.org\/es\/category\/exhibitions\/'  ><span class='avia-bullet'><\/span><span class='avia-menu-text'>Exposiciones<\/span><\/a><\/li>\n<li class='menu-item av-3risz1c-cac03a196fb680bdd044a3bed8c57d9a menu-item-top-level menu-item-top-level-2'><a href='https:\/\/www.tucsonmuseumofart.org\/es\/category\/curators-corner\/'  ><span class='avia-bullet'><\/span><span class='avia-menu-text'>Rinc\u00f3n de los curadores<\/span><\/a><\/li>\n<li class='menu-item av-3aht2lc-1823aef436d6830ed13260b76a472577 menu-item-top-level menu-item-top-level-3'><a href='https:\/\/www.tucsonmuseumofart.org\/es\/category\/artists-voices\/'  ><span class='avia-bullet'><\/span><span class='avia-menu-text'>Voces de artistas<\/span><\/a><\/li>\n<li class='menu-item av-2tdapog-3d3b82bd7f618d4e0190f3ae88307a4f menu-item-top-level menu-item-top-level-4'><a href='https:\/\/www.tucsonmuseumofart.org\/es\/category\/community-engagement\/'  ><span class='avia-bullet'><\/span><span class='avia-menu-text'>Participaci\u00f3n de la comunidad<\/span><\/a><\/li>\n<li class='menu-item av-2mppvuo-6631e6f94e6d8518e74e212ddd60091f menu-item-top-level menu-item-top-level-5'><a href='https:\/\/www.tucsonmuseumofart.org\/es\/category\/tma-collection\/'  ><span class='avia-bullet'><\/span><span class='avia-menu-text'>Explorar obras de arte<\/span><\/a><\/li>\n<li class='menu-item av-1yvnytc-d4247684d0bcc0e95f3da4fece8f993b menu-item-top-level menu-item-top-level-6'><a href='https:\/\/www.tucsonmuseumofart.org\/es\/category\/digital-content\/'  ><span class='avia-bullet'><\/span><span class='avia-menu-text'>Contenido digital<\/span><\/a><\/li>\n<\/ul><\/div><\/div><div class='sticky_placeholder'><\/div><div id='after_submenu_1'  class='main_color av_default_container_wrap container_wrap fullsize'  ><div class='container av-section-cont-open' ><div class='template-page content  av-content-full alpha units'><div class='post-entry post-entry-type-page post-entry-22681'><div class='entry-content-wrapper clearfix'>\n\n<style type=\"text\/css\" data-created_by=\"avia_inline_auto\" id=\"style-css-av-mwfbq8-c48772ee88ab81c50a096dafb61dc096\">\n.flex_column.av-mwfbq8-c48772ee88ab81c50a096dafb61dc096{\nborder-radius:0px 0px 0px 0px;\npadding:0px 0px 0px 0px;\n}\n<\/style>\n<div  class='flex_column av-mwfbq8-c48772ee88ab81c50a096dafb61dc096 av_one_fifth  avia-builder-el-3  el_after_av_submenu  el_before_av_four_fifth  avia-builder-el-first  first flex_column_div av-zero-column-padding'     ><\/div>\n\n<style type=\"text\/css\" data-created_by=\"avia_inline_auto\" id=\"style-css-av-11dslov-41a8b9a7726023a1081214cc1d77c617\">\n.flex_column.av-11dslov-41a8b9a7726023a1081214cc1d77c617{\nborder-radius:0px 0px 0px 0px;\npadding:0px 0px 0px 0px;\n}\n<\/style>\n<div  class='flex_column av-11dslov-41a8b9a7726023a1081214cc1d77c617 av_four_fifth  avia-builder-el-4  el_after_av_one_fifth  avia-builder-el-last  flex_column_div av-zero-column-padding'     ><p>\n<style type=\"text\/css\" data-created_by=\"avia_inline_auto\" id=\"style-css-av-kh12t14z-36c3ff7e743af8e8d459a77da5fe6210\">\n#top .av-special-heading.av-kh12t14z-36c3ff7e743af8e8d459a77da5fe6210{\npadding-bottom:10px;\n}\nbody .av-special-heading.av-kh12t14z-36c3ff7e743af8e8d459a77da5fe6210 .av-special-heading-tag .heading-char{\nfont-size:25px;\n}\n.av-special-heading.av-kh12t14z-36c3ff7e743af8e8d459a77da5fe6210 .av-subheading{\nfont-size:15px;\n}\n<\/style>\n<div  class='av-special-heading av-kh12t14z-36c3ff7e743af8e8d459a77da5fe6210 av-special-heading-h2 blockquote modern-quote  avia-builder-el-5  el_before_av_post_metadata  avia-builder-el-first'><h2 class='av-special-heading-tag'  itemprop=\"headline\"  >\u00a1Feliz cumplea\u00f1os al ala de la familia Kasser!<\/h2><div class=\"special-heading-border\"><div class=\"special-heading-inner-border\"><\/div><\/div><\/div><br \/>\n\n<style type=\"text\/css\" data-created_by=\"avia_inline_auto\" id=\"style-css-av-1aj7r6o-7e69b3ffdaf83da0ce9e4c5ca2a93637\">\n#top .av-post-metadata-container.av-1aj7r6o-7e69b3ffdaf83da0ce9e4c5ca2a93637{\nfont-size:14px;\n}\n#top .av-post-metadata-container.av-1aj7r6o-7e69b3ffdaf83da0ce9e4c5ca2a93637 .av-post-metadata-container-inner{\nfont-size:14px;\n}\n<\/style>\n<div  class='av-post-metadata-container av-1aj7r6o-7e69b3ffdaf83da0ce9e4c5ca2a93637 av-metadata-container-align-left  avia-builder-el-6  el_after_av_heading  el_before_av_hr  av-metadata-container-1'><div class='av-post-metadata-container-inner'><span class=\"av-post-metadata-content av-post-metadata-meta-content\"><span class=\"av-post-metadata-content av-post-metadata-published\"><span class=\"av-post-metadata-published-date\" >julio 24, 2021<\/span><\/span><span class=\"av-post-metadata-content av-post-metadata-separator\"> | <\/span><span class=\"av-post-metadata-content av-post-metadata-category\"><span class=\"av-post-metadata-category-link\" ><a href=\"https:\/\/www.tucsonmuseumofart.org\/es\/category\/digital-content\/\" >Contenido digital<\/a><\/span>, <span class=\"av-post-metadata-category-link\" ><a href=\"https:\/\/www.tucsonmuseumofart.org\/es\/category\/exhibitions\/\" >Exposiciones<\/a><\/span><\/span><\/span><\/div><\/div><br \/>\n\n<style type=\"text\/css\" data-created_by=\"avia_inline_auto\" id=\"style-css-av-kgttjgds-3af2862865e26c413068cf56d796f3ad\">\n#top .hr.hr-invisible.av-kgttjgds-3af2862865e26c413068cf56d796f3ad{\nheight:20px;\n}\n<\/style>\n<div  class='hr av-kgttjgds-3af2862865e26c413068cf56d796f3ad hr-invisible  avia-builder-el-7  el_after_av_post_metadata  el_before_av_image'><span class='hr-inner'><span class=\"hr-inner-style\"><\/span><\/span><\/div><br \/>\n\n<style type=\"text\/css\" data-created_by=\"avia_inline_auto\" id=\"style-css-av-kgtqxbd1-c778e9dc9091d8a86cacad15d4388817\">\n.avia-image-container.av-kgtqxbd1-c778e9dc9091d8a86cacad15d4388817 img.avia_image{\nbox-shadow:none;\n}\n.avia-image-container.av-kgtqxbd1-c778e9dc9091d8a86cacad15d4388817 .av-image-caption-overlay-center{\ncolor:#ffffff;\n}\n<\/style>\n<div  class='avia-image-container av-kgtqxbd1-c778e9dc9091d8a86cacad15d4388817 av-styling- avia-align-center  avia-builder-el-8  el_after_av_hr  el_before_av_textblock'   itemprop=\"image\" itemscope=\"itemscope\" itemtype=\"https:\/\/schema.org\/ImageObject\" ><div class=\"avia-image-container-inner\"><div class=\"avia-image-overlay-wrap\"><img decoding=\"async\" class='wp-image-22683 avia-img-lazy-loading-not-22683 avia_image' src=\"https:\/\/www.tucsonmuseumofart.org\/wp-content\/uploads\/2021\/07\/ribbon-cutting.jpg\" alt='Dedication and ribbon-cutting ceremony for the Kasser Family Wing of Latin American Art' title='Dedicaci\u00f3n y ceremonia de inauguraci\u00f3n del Ala de Arte Latinoamericano de la Familia Kasser'  height=\"544\" width=\"800\"  itemprop=\"thumbnailUrl\" srcset=\"https:\/\/www.tucsonmuseumofart.org\/wp-content\/uploads\/2021\/07\/ribbon-cutting.jpg 800w, https:\/\/www.tucsonmuseumofart.org\/wp-content\/uploads\/2021\/07\/ribbon-cutting-450x306.jpg 450w, https:\/\/www.tucsonmuseumofart.org\/wp-content\/uploads\/2021\/07\/ribbon-cutting-300x204.jpg 300w, https:\/\/www.tucsonmuseumofart.org\/wp-content\/uploads\/2021\/07\/ribbon-cutting-768x522.jpg 768w, https:\/\/www.tucsonmuseumofart.org\/wp-content\/uploads\/2021\/07\/ribbon-cutting-705x479.jpg 705w\" sizes=\"(max-width: 800px) 100vw, 800px\" \/><\/div><\/div><\/div><br \/>\n\n<style type=\"text\/css\" data-created_by=\"avia_inline_auto\" id=\"style-css-av-kh1335ie-841125603b9d28d301e270d53f74aa06\">\n#top .av_textblock_section.av-kh1335ie-841125603b9d28d301e270d53f74aa06 .avia_textblock{\nfont-size:12px;\n}\n<\/style>\n<section  class='av_textblock_section av-kh1335ie-841125603b9d28d301e270d53f74aa06'   itemscope=\"itemscope\" itemtype=\"https:\/\/schema.org\/BlogPosting\" itemprop=\"blogPost\" ><div class='avia_textblock'  itemprop=\"text\" ><p>Dedicaci\u00f3n y ceremonia de inauguraci\u00f3n del Ala de Arte Latinoamericano de la Familia Kasser. De izquierda a derecha: Jeremy Mikolajczak, director y director general de Jon y Linda Ender; el arquitecto Andy Anderson; el Dr. Kristopher Driggers, Curador Asistente y Curador Schmidt de Arte Latinoamericano; Beth Kasser, I. Michael Kasser, Mikey Kasser, Violet Kasser. Foto de Ray Cleveland.<\/p>\n<\/div><\/section><br \/>\n\n<style type=\"text\/css\" data-created_by=\"avia_inline_auto\" id=\"style-css-av-kh12zlom-1797ee6e767eed67dfa0c4a3d318ea7f\">\n#top .hr.hr-invisible.av-kh12zlom-1797ee6e767eed67dfa0c4a3d318ea7f{\nheight:20px;\n}\n<\/style>\n<div  class='hr av-kh12zlom-1797ee6e767eed67dfa0c4a3d318ea7f hr-invisible  avia-builder-el-10  el_after_av_textblock  el_before_av_textblock'><span class='hr-inner'><span class=\"hr-inner-style\"><\/span><\/span><\/div><br \/>\n<section  class='av_textblock_section av-kf7g22x4-91f13eb43dd1014040ec8d7b0a7e1001'   itemscope=\"itemscope\" itemtype=\"https:\/\/schema.org\/BlogPosting\" itemprop=\"blogPost\" ><div class='avia_textblock'  itemprop=\"text\" ><p>Hace un a\u00f1o, un peque\u00f1o pero euf\u00f3rico grupo se reuni\u00f3 para la inauguraci\u00f3n del Ala de Arte Latinoamericano de la Familia Kasser. Despu\u00e9s de a\u00f1os de planificaci\u00f3n, preparaci\u00f3n y construcci\u00f3n, adem\u00e1s de algunos retrasos relacionados con la pandemia, el edificio y las exposiciones estaban listos para su debut. El personal del museo, el arquitecto Andy Anderson y un pu\u00f1ado de administradores del museo vieron a la familia Kasser cortar la cinta y lanzar el nuevo espacio.<\/p>\n<p>Descubra c\u00f3mo la colecci\u00f3n de arte americano antiguo de la familia Kasser creci\u00f3 durante d\u00e9cadas y c\u00f3mo lleg\u00f3 a estar a la vista en el Museo de Arte de Tucson en el documental. <a href=\"https:\/\/youtu.be\/NHUP7HRKkHE\"><em>Ala de la familia Kasser: un legado art\u00edstico<\/em><\/a>. Este cortometraje, producido por H\u00e9ctor Gonz\u00e1lez, Pam White y Jorge Gonz\u00e1lez, documenta la historia de la Colecci\u00f3n Kasser de Arte de las Am\u00e9ricas Antiguas y la creaci\u00f3n de exposiciones para el Ala de Arte Latinoamericano de la Familia Kasser.<\/p>\n<\/div><\/section><br \/>\n\n<style type=\"text\/css\" data-created_by=\"avia_inline_auto\" id=\"style-css-av-krns3zkx-93b657fe8a07bea0295c942dc5edd092\">\n.avia-video.av-krns3zkx-93b657fe8a07bea0295c942dc5edd092{\nbackground-image:url(https:\/\/www.tucsonmuseumofart.org\/wp-content\/uploads\/2021\/07\/Kasser-video-fallback-image-1030x579.jpg);\n}\n<\/style>\n<div  class='avia-video av-krns3zkx-93b657fe8a07bea0295c942dc5edd092 avia-video-16-9 av-preview-image avia-video-load-always av-lazyload-immediate av-lazyload-video-embed'  itemprop=\"video\" itemtype=\"https:\/\/schema.org\/VideoObject\"  data-original_url='https:\/\/youtu.be\/NHUP7HRKkHE'><script type='text\/html' class='av-video-tmpl'><div class='avia-iframe-wrap'><iframe loading=\"lazy\" title=\"Kasser Family Wing: An Art Legacy\" width=\"1500\" height=\"844\" src=\"https:\/\/www.youtube.com\/embed\/NHUP7HRKkHE?feature=oembed&autoplay=0&loop=0&controls=1&mute=0\" frameborder=\"0\" allow=\"accelerometer; autoplay; clipboard-write; encrypted-media; gyroscope; picture-in-picture\" allowfullscreen><\/iframe><\/div><\/script><div class='av-click-to-play-overlay'><div class=\"avia_playpause_icon\"><\/div><\/div><\/div><br \/>\n\n<style type=\"text\/css\" data-created_by=\"avia_inline_auto\" id=\"style-css-av-tpjkm1-40f115889aa84c2337052d22c2b08b54\">\n#top .hr.hr-invisible.av-tpjkm1-40f115889aa84c2337052d22c2b08b54{\nheight:30px;\n}\n<\/style>\n<div  class='hr av-tpjkm1-40f115889aa84c2337052d22c2b08b54 hr-invisible  avia-builder-el-13  el_after_av_video  el_before_av_textblock'><span class='hr-inner'><span class=\"hr-inner-style\"><\/span><\/span><\/div><br \/>\n<section  class='av_textblock_section av-krns5jas-b3968f7feef2d6ef23a6427e0af3e1ee'   itemscope=\"itemscope\" itemtype=\"https:\/\/schema.org\/BlogPosting\" itemprop=\"blogPost\" ><div class='avia_textblock'  itemprop=\"text\" ><p>Y para ayudarnos a todos a revivir ese d\u00eda hace un a\u00f1o, aqu\u00ed est\u00e1n los comentarios de apertura de la ceremonia de inauguraci\u00f3n y corte de cinta por parte de Jeremy Mikolajczak, director y director ejecutivo de Jon y Linda Ender de TMA.<\/p>\n<\/div><\/section><br \/>\n\n<style type=\"text\/css\" data-created_by=\"avia_inline_auto\" id=\"style-css-av-krnsb36j-aeb1429038f15775d8765e4aa09196eb\">\n.avia-video.av-krnsb36j-aeb1429038f15775d8765e4aa09196eb{\nbackground-image:url(https:\/\/www.tucsonmuseumofart.org\/wp-content\/uploads\/2021\/07\/Kasser-opening-remarks-fallback-image-1030x579.jpg);\n}\n<\/style>\n<div  class='avia-video av-krnsb36j-aeb1429038f15775d8765e4aa09196eb avia-video-16-9 av-preview-image avia-video-load-always av-lazyload-immediate av-lazyload-video-embed'  itemprop=\"video\" itemtype=\"https:\/\/schema.org\/VideoObject\"  data-original_url='https:\/\/youtu.be\/pYszFXNDnDM'><script type='text\/html' class='av-video-tmpl'><div class='avia-iframe-wrap'><iframe loading=\"lazy\" title=\"CEO&#039;s remarks for the dedication of the Kasser Family Wing of Latin American Art\" width=\"1500\" height=\"844\" src=\"https:\/\/www.youtube.com\/embed\/pYszFXNDnDM?feature=oembed&autoplay=0&loop=0&controls=1&mute=0\" frameborder=\"0\" allow=\"accelerometer; autoplay; clipboard-write; encrypted-media; gyroscope; picture-in-picture\" allowfullscreen><\/iframe><\/div><\/script><div class='av-click-to-play-overlay'><div class=\"avia_playpause_icon\"><\/div><\/div><\/div><br \/>\n<div  class='hr av-148soyh-6a4dbadfba786e732489e614603ae57c hr-default  avia-builder-el-16  el_after_av_video  el_before_av_post_metadata'><span class='hr-inner'><span class=\"hr-inner-style\"><\/span><\/span><\/div><br \/>\n\n<style type=\"text\/css\" data-created_by=\"avia_inline_auto\" id=\"style-css-av-kh130hec-66d617892ea3a7b6db63057c12dedf78\">\n#top .av-post-metadata-container.av-kh130hec-66d617892ea3a7b6db63057c12dedf78{\nfont-size:12px;\n}\n#top .av-post-metadata-container.av-kh130hec-66d617892ea3a7b6db63057c12dedf78 .av-post-metadata-container-inner{\nfont-size:12px;\n}\n<\/style>\n<div  class='av-post-metadata-container av-kh130hec-66d617892ea3a7b6db63057c12dedf78 av-metadata-container-align-left  avia-builder-el-17  el_after_av_hr  avia-builder-el-last  av-metadata-container-2'><div class='av-post-metadata-container-inner'><span class=\"av-post-metadata-content av-post-metadata-meta-content\"><span class=\"av-post-metadata-content av-post-metadata-category\"><span class=\"av-metadata-before av-metadata-before-tags\">Etiquetas: <\/span><span class=\"av-post-metadata-category-link\" ><a href=\"https:\/\/www.tucsonmuseumofart.org\/es\/tag\/kasser-family-wing\/\" >Ala de la familia Kasser<\/a><\/span>, <span class=\"av-post-metadata-category-link\" ><a href=\"https:\/\/www.tucsonmuseumofart.org\/es\/tag\/latin-american-art\/\" >Arte latinoamericano<\/a><\/span>, <span class=\"av-post-metadata-category-link\" ><a href=\"https:\/\/www.tucsonmuseumofart.org\/es\/tag\/tma-stories\/\" >Historias de TMA<\/a><\/span><\/span><\/span><\/div><\/div><\/p><\/div>","protected":false},"excerpt":{"rendered":"","protected":false},"author":177,"featured_media":22686,"comment_status":"closed","ping_status":"closed","sticky":false,"template":"","format":"standard","meta":{"_price":"","_stock":"","_tribe_ticket_header":"","_tribe_default_ticket_provider":"","_tribe_ticket_capacity":"0","_ticket_start_date":"","_ticket_end_date":"","_tribe_ticket_show_description":"","_tribe_ticket_show_not_going":false,"_tribe_ticket_use_global_stock":"","_tribe_ticket_global_stock_level":"","_global_stock_mode":"","_global_stock_cap":"","_tribe_rsvp_for_event":"","_tribe_ticket_going_count":"","_tribe_ticket_not_going_count":"","_tribe_tickets_list":"[]","_tribe_ticket_has_attendee_info_fields":false,"footnotes":""},"categories":[135,130],"tags":[138,143,158],"class_list":["post-22681","post","type-post","status-publish","format-standard","has-post-thumbnail","hentry","category-digital-content","category-exhibitions","tag-kasser-family-wing","tag-latin-american-art","tag-tma-stories"],"publishpress_future_action":{"enabled":false,"date":"2026-05-03 03:57:41","action":"change-status","newStatus":"draft","terms":[],"taxonomy":"category","extraData":[]},"publishpress_future_workflow_manual_trigger":{"enabledWorkflows":[]},"_links":{"self":[{"href":"https:\/\/www.tucsonmuseumofart.org\/es\/wp-json\/wp\/v2\/posts\/22681","targetHints":{"allow":["GET"]}}],"collection":[{"href":"https:\/\/www.tucsonmuseumofart.org\/es\/wp-json\/wp\/v2\/posts"}],"about":[{"href":"https:\/\/www.tucsonmuseumofart.org\/es\/wp-json\/wp\/v2\/types\/post"}],"author":[{"embeddable":true,"href":"https:\/\/www.tucsonmuseumofart.org\/es\/wp-json\/wp\/v2\/users\/177"}],"replies":[{"embeddable":true,"href":"https:\/\/www.tucsonmuseumofart.org\/es\/wp-json\/wp\/v2\/comments?post=22681"}],"version-history":[{"count":5,"href":"https:\/\/www.tucsonmuseumofart.org\/es\/wp-json\/wp\/v2\/posts\/22681\/revisions"}],"predecessor-version":[{"id":22748,"href":"https:\/\/www.tucsonmuseumofart.org\/es\/wp-json\/wp\/v2\/posts\/22681\/revisions\/22748"}],"wp:featuredmedia":[{"embeddable":true,"href":"https:\/\/www.tucsonmuseumofart.org\/es\/wp-json\/wp\/v2\/media\/22686"}],"wp:attachment":[{"href":"https:\/\/www.tucsonmuseumofart.org\/es\/wp-json\/wp\/v2\/media?parent=22681"}],"wp:term":[{"taxonomy":"category","embeddable":true,"href":"https:\/\/www.tucsonmuseumofart.org\/es\/wp-json\/wp\/v2\/categories?post=22681"},{"taxonomy":"post_tag","embeddable":true,"href":"https:\/\/www.tucsonmuseumofart.org\/es\/wp-json\/wp\/v2\/tags?post=22681"}],"curies":[{"name":"wp","href":"https:\/\/api.w.org\/{rel}","templated":true}]}}